{"id":69896,"date":"2019-12-11T07:16:02","date_gmt":"2019-12-11T12:16:02","guid":{"rendered":"https:\/\/linitiative.ca\/International\/cepex-journee-portes-ouvertes-pour-les-entreprises-desireuses-de-sinternationaliser-en-afrique\/"},"modified":"2019-12-11T07:16:02","modified_gmt":"2019-12-11T12:16:02","slug":"cepex-journee-portes-ouvertes-pour-les-entreprises-desireuses-de-sinternationaliser-en-afrique","status":"publish","type":"post","link":"https:\/\/linitiative.ca\/International\/cepex-journee-portes-ouvertes-pour-les-entreprises-desireuses-de-sinternationaliser-en-afrique\/","title":{"rendered":"CEPEX :  Journ\u00e9e portes ouvertes pour les entreprises d\u00e9sireuses de s\u2019internationaliser en Afrique"},"content":{"rendered":"<p>Une journ\u00e9e portes-ouvertes, destin\u00e9e aux entreprises exportatrices tunisiennes d\u00e9sireuses de s\u2019internationaliser en Afrique, sera organis\u00e9e mercredi 18 d\u00e9cembre 2019 \u00e0 Tunis, a indiqu\u00e9 le CEPEX mardi, dans un communiqu\u00e9.<\/p>\n<p>Les pays africains concern\u00e9s par cette rencontre sont le Nig\u00e9ria, le Kenya, le Cameroun, la RD Congo, et la C\u00f4te-d\u2019Ivoire.<\/p>\n<p>Le CEPEX vise le doublement des exportations vers la zone Afrique subsaharienne \u00e0 l\u2019horizon 2020, d\u2019autant plus qu\u2019elle connait une croissance soutenue.<\/p>\n<p>Les entreprises tunisiennes ainsi que tous les op\u00e9rateurs \u00e9conomiques int\u00e9ress\u00e9s par le commerce international, prendront connaissance, lors de cette journ\u00e9e, de toutes les opportunit\u00e9s offertes sur les march\u00e9s d\u2019accr\u00e9ditation du r\u00e9seau du CEPEX en Afrique, ainsi que des modalit\u00e9s d\u2019acc\u00e8s des entreprises et des produits tunisiens, aux circuits commerciaux.<\/p>\n<p>Cette rencontre sera suivie par des rencontres \u2018\u2019B to B\u2019\u2019 le 19 d\u00e9cembre, \u00e0 Gabes, organis\u00e9es en \u00e9troite collaboration avec la Chambre de Commerce et d\u2019Industrie du Sud-Est (CCISE).<\/p>\n<p>Cette action permettra de faciliter l\u2019acc\u00e8s des produits tunisiens aux march\u00e9s d\u2019exportation et permettra aux entreprises exportatrices de b\u00e9n\u00e9ficier d\u2019un meilleur \u00e9clairage sur ces march\u00e9s.<\/p>\n<p class=\"dpsp-share-text\">Partager c&rsquo;est aimer!<\/p>\n<div class=\"wp-post-author-wrap wp-post-author-shortcode left\">\n<h3 class=\"awpa-title\"\/>\n<div class=\"wp-post-author\">\n<div class=\"awpa-img awpa-author-block square\"><a href=\"http:\/\/lexpertjournal.net\/fr\/author\/expert\/\"><img loading=\"lazy\" decoding=\"async\" alt=\"\" src=\"http:\/\/0.gravatar.com\/avatar\/c828f0b17d24309f0d01a4eac3747085?s=150&#038;d=mm&#038;r=g\" srcset=\"http:\/\/0.gravatar.com\/avatar\/c828f0b17d24309f0d01a4eac3747085?s=300&#038;d=mm&#038;r=g 2x\" class=\"avatar avatar-150 photo\" height=\"150\" width=\"150\"\/><\/a><\/div>\n<\/div>\n<\/div>\n<p>Auteur: L&rsquo;expert<br \/>\n<a href=\"http:\/\/lexpertjournal.net\/fr\/2019\/12\/11\/cepex-journee-portes-ouvertes-pour-les-entreprises-desireuses-de-sinternationaliser-en-afrique\/\">Cliquez ici pour lire l&rsquo;article depuis sa source.<\/a><\/p>\n","protected":false},"excerpt":{"rendered":"<p>Une journ\u00e9e portes-ouvertes, destin\u00e9e aux entreprises exportatrices tunisiennes d\u00e9sireuses de s\u2019internationaliser en Afrique, sera organis\u00e9e mercredi 18 d\u00e9cembre 2019 \u00e0 Tunis, a indiqu\u00e9 le CEPEX mardi, dans un communiqu\u00e9. Les pays africains concern\u00e9s par cette rencontre sont le Nig\u00e9ria, le Kenya, le Cameroun, la RD Congo, et la C\u00f4te-d\u2019Ivoire. Le CEPEX vise le doublement des [&hellip;]<\/p>\n","protected":false},"author":1775,"featured_media":0,"comment_status":"closed","ping_status":"closed","sticky":false,"template":"","format":"standard","meta":{"fifu_image_url":"","fifu_image_alt":"","footnotes":""},"categories":[78,55],"tags":[],"class_list":["post-69896","post","type-post","status-publish","format-standard","hentry","category-economie","category-tunisie"],"_links":{"self":[{"href":"https:\/\/linitiative.ca\/International\/wp-json\/wp\/v2\/posts\/69896","targetHints":{"allow":["GET"]}}],"collection":[{"href":"https:\/\/linitiative.ca\/International\/wp-json\/wp\/v2\/posts"}],"about":[{"href":"https:\/\/linitiative.ca\/International\/wp-json\/wp\/v2\/types\/post"}],"author":[{"embeddable":true,"href":"https:\/\/linitiative.ca\/International\/wp-json\/wp\/v2\/users\/1775"}],"replies":[{"embeddable":true,"href":"https:\/\/linitiative.ca\/International\/wp-json\/wp\/v2\/comments?post=69896"}],"version-history":[{"count":0,"href":"https:\/\/linitiative.ca\/International\/wp-json\/wp\/v2\/posts\/69896\/revisions"}],"wp:attachment":[{"href":"https:\/\/linitiative.ca\/International\/wp-json\/wp\/v2\/media?parent=69896"}],"wp:term":[{"taxonomy":"category","embeddable":true,"href":"https:\/\/linitiative.ca\/International\/wp-json\/wp\/v2\/categories?post=69896"},{"taxonomy":"post_tag","embeddable":true,"href":"https:\/\/linitiative.ca\/International\/wp-json\/wp\/v2\/tags?post=69896"}],"curies":[{"name":"wp","href":"https:\/\/api.w.org\/{rel}","templated":true}]}}