{"id":69897,"date":"2019-12-11T07:17:57","date_gmt":"2019-12-11T12:17:57","guid":{"rendered":"https:\/\/linitiative.ca\/International\/global-compact-lutica-adhere-au-pacte-de-lonu\/"},"modified":"2019-12-11T07:17:57","modified_gmt":"2019-12-11T12:17:57","slug":"global-compact-lutica-adhere-au-pacte-de-lonu","status":"publish","type":"post","link":"https:\/\/linitiative.ca\/International\/global-compact-lutica-adhere-au-pacte-de-lonu\/","title":{"rendered":"Global Compact : L\u2019UTICA adh\u00e8re au Pacte de l\u2019ONU"},"content":{"rendered":"<p>L\u2019UTICA a officiellement, adh\u00e9r\u00e9, mardi, au Pacte Mondial des Nations Unies \u00ab Global Compact \u00bb, annon\u00e7ant ainsi, son engagement pour les ODD et l\u2019Agenda 2030 et son objectif de doubler le nombre des entreprises qui adh\u00e9rentes dans les trois prochaines ann\u00e9es.<\/p>\n<p>Par cette adh\u00e9sion, l\u2019UTICA s\u2019engage notamment, \u00e0 contribuer \u00e0 la mise en \u0153uvre des principes du pacte mondial et des objectifs du d\u00e9veloppement durable dans ses activit\u00e9s syndicales et au sein des entreprises \u00e9conomiques affili\u00e9es.<\/p>\n<p>La lettre d\u2019adh\u00e9sion de l\u2019UTICA, \u00e0 ce pacte mondial, adress\u00e9e au Secr\u00e9taire G\u00e9n\u00e9ral de l\u2019ONU, Antonio Guterres, a \u00e9t\u00e9 sign\u00e9e par le pr\u00e9sident de l\u2019UTICA, Samir Majoul, lors d\u2019un s\u00e9minaire sur les \u00ab Objectifs de D\u00e9veloppement Durable et le secteur priv\u00e9 \u00bb organis\u00e9, mardi, \u00e0 Tunis par l\u2019UTICA, en collaboration avec le bureau des Nations Unies \u00e0 Tunis, l\u2019IRSET(institut de responsabilit\u00e9 soci\u00e9tale des entreprises en Tunisie), le patronat danois DI, et le DanishArabpartenership programme.<\/p>\n<p>Majoul, a affirm\u00e9 lors de ce s\u00e9minaire, que l\u2019organisation de cette manifestation, aujourd\u2019hui, le m\u00eame jour que celui de l\u2019adoption de la D\u00e9claration Universelle des Droits de l\u2019Homme ( le 10 d\u00e9cembre 1948), consacre la valeur Citoyenne de l\u2019Entreprise et du Patronat, et d\u00e9montre l\u2019engagement responsable du secteur priv\u00e9.<\/p>\n<p>Il a ajout\u00e9 que l\u2019UTICA a choisi cette journ\u00e9e, pour annoncer son engagement pour les ODD et a voulu par cet acte, symboliser l\u2019approche de l\u2019UTICA comme une approche de droits de l\u2019homme, et aussi rattacher le concept ODD, \u00e0 un d\u00e9veloppement humain juste, \u00e9quitable, durable et global.<\/p>\n<p>Majoul a affirm\u00e9 que \u00bb le secteur priv\u00e9 est aujourd\u2019hui, la locomotive du d\u00e9veloppement et du progr\u00e8s. Cr\u00e9ateur de la valeur et de la richesse, il offre des postes d\u2019emploi pour les jeunes, il produit des biens et services qui facilitent et am\u00e9liorent la vie des populations, et il v\u00e9hicule un ensemble de valeurs humaines et universelles\u2026 \u00ab .<\/p>\n<p>\u00bb Aujourd\u2019hui, nous devons r\u00e9unir nos forces, pour booster les adh\u00e9sions des entreprises et renforcer le r\u00e9seau tunisien au Pacte mondial des Nations Unies, qui cherche \u00e0 faire de la durabilit\u00e9 de l\u2019entreprise, une force transformatrice dans la r\u00e9alisation d\u2019un avenir s\u00fbr, durable et partag\u00e9 \u00ab .Il a soulign\u00e9 que l\u2019agenda 2030 des ODD, est une opportunit\u00e9 pour les entreprises priv\u00e9es et que l\u2019atteinte de ces objectifs ne sera possible qu\u2019avec un r\u00e9el partenariat public-priv\u00e9, en levant les tabous, et en \u00e9liminant les obstacles.<\/p>\n<p>De son c\u00f4t\u00e9, Di\u00e9go Zorilla, Coordonnateur r\u00e9sident des Nations Unies en Tunisie, a soulign\u00e9 la coh\u00e9rence entre les valeurs de L\u2019ONU et les valeurs adopt\u00e9es par la Tunisie apr\u00e8s sa r\u00e9volution.<\/p>\n<p>Il a salu\u00e9 l\u2019adh\u00e9sion de l\u2019UTICA, au Global Compact qui vise notamment, une plus grande protection de l\u2019environnement et un renforcement de la lutte contre la corruption qui co\u00fbte 5% du PIB mondial et impacte n\u00e9gativement, le secteur priv\u00e9.<\/p>\n<p class=\"dpsp-share-text\">Partager c&rsquo;est aimer!<\/p>\n<div class=\"wp-post-author-wrap wp-post-author-shortcode left\">\n<h3 class=\"awpa-title\"\/>\n<div class=\"wp-post-author\">\n<div class=\"awpa-img awpa-author-block square\"><a href=\"http:\/\/lexpertjournal.net\/fr\/author\/expert\/\"><img loading=\"lazy\" decoding=\"async\" alt=\"\" src=\"http:\/\/0.gravatar.com\/avatar\/c828f0b17d24309f0d01a4eac3747085?s=150&#038;d=mm&#038;r=g\" srcset=\"http:\/\/0.gravatar.com\/avatar\/c828f0b17d24309f0d01a4eac3747085?s=300&#038;d=mm&#038;r=g 2x\" class=\"avatar avatar-150 photo\" height=\"150\" width=\"150\"\/><\/a><\/div>\n<\/div>\n<\/div>\n<p>Auteur: L&rsquo;expert<br \/>\n<a href=\"http:\/\/lexpertjournal.net\/fr\/2019\/12\/11\/global-compact-lutica-adhere-au-pacte-de-lonu\/\">Cliquez ici pour lire l&rsquo;article depuis sa source.<\/a><\/p>\n","protected":false},"excerpt":{"rendered":"<p>L\u2019UTICA a officiellement, adh\u00e9r\u00e9, mardi, au Pacte Mondial des Nations Unies \u00ab Global Compact \u00bb, annon\u00e7ant ainsi, son engagement pour les ODD et l\u2019Agenda 2030 et son objectif de doubler le nombre des entreprises qui adh\u00e9rentes dans les trois prochaines ann\u00e9es. Par cette adh\u00e9sion, l\u2019UTICA s\u2019engage notamment, \u00e0 contribuer \u00e0 la mise en \u0153uvre des [&hellip;]<\/p>\n","protected":false},"author":1775,"featured_media":0,"comment_status":"closed","ping_status":"closed","sticky":false,"template":"","format":"standard","meta":{"fifu_image_url":"","fifu_image_alt":"","footnotes":""},"categories":[78,55],"tags":[],"class_list":["post-69897","post","type-post","status-publish","format-standard","hentry","category-economie","category-tunisie"],"_links":{"self":[{"href":"https:\/\/linitiative.ca\/International\/wp-json\/wp\/v2\/posts\/69897","targetHints":{"allow":["GET"]}}],"collection":[{"href":"https:\/\/linitiative.ca\/International\/wp-json\/wp\/v2\/posts"}],"about":[{"href":"https:\/\/linitiative.ca\/International\/wp-json\/wp\/v2\/types\/post"}],"author":[{"embeddable":true,"href":"https:\/\/linitiative.ca\/International\/wp-json\/wp\/v2\/users\/1775"}],"replies":[{"embeddable":true,"href":"https:\/\/linitiative.ca\/International\/wp-json\/wp\/v2\/comments?post=69897"}],"version-history":[{"count":0,"href":"https:\/\/linitiative.ca\/International\/wp-json\/wp\/v2\/posts\/69897\/revisions"}],"wp:attachment":[{"href":"https:\/\/linitiative.ca\/International\/wp-json\/wp\/v2\/media?parent=69897"}],"wp:term":[{"taxonomy":"category","embeddable":true,"href":"https:\/\/linitiative.ca\/International\/wp-json\/wp\/v2\/categories?post=69897"},{"taxonomy":"post_tag","embeddable":true,"href":"https:\/\/linitiative.ca\/International\/wp-json\/wp\/v2\/tags?post=69897"}],"curies":[{"name":"wp","href":"https:\/\/api.w.org\/{rel}","templated":true}]}}