{"id":69905,"date":"2019-12-11T10:56:29","date_gmt":"2019-12-11T15:56:29","guid":{"rendered":"https:\/\/linitiative.ca\/International\/le-maroc-un-leader-dans-la-region-en-matiere-de-lutte-antiterroriste\/"},"modified":"2019-12-11T10:56:29","modified_gmt":"2019-12-11T15:56:29","slug":"le-maroc-un-leader-dans-la-region-en-matiere-de-lutte-antiterroriste","status":"publish","type":"post","link":"https:\/\/linitiative.ca\/International\/le-maroc-un-leader-dans-la-region-en-matiere-de-lutte-antiterroriste\/","title":{"rendered":"Le Maroc, un leader dans la r\u00e9gion en mati\u00e8re de lutte antiterroriste"},"content":{"rendered":"<div readability=\"38\">\n<p>Marrakech \u2013 Le Royaume du Maroc est un pays leader dans la r\u00e9gion en mati\u00e8re de lutte contre le terrorisme, a soulign\u00e9, mercredi \u00e0 Marrakech, le Procureur en chef de l\u2019Audience Nationale d\u2019Espagne, M. Jesus Alonso.<\/p>\n<\/div>\n<div readability=\"109\">\n<p>\u00ab\u00a0Le Maroc, qui se trouve dans la ligne de front, est d\u00e9termin\u00e9 \u00e0 l\u2019instar de ses confr\u00e8res espagnol, fran\u00e7ais et belge \u00e0 \u00e9radiquer ce ph\u00e9nom\u00e8ne mondial transfrontalier qui menace la s\u00e9curit\u00e9 et la stabilit\u00e9 de la communaut\u00e9 internationale\u00a0\u00bb, a indiqu\u00e9 M. Alonso qui s\u2019exprimait lors de la R\u00e9union pl\u00e9ni\u00e8re des Parquets membres du Groupe quadripartite antiterroriste.<\/p>\n<p>\u00ab\u00a0Il y a une tr\u00e8s forte volont\u00e9 de la part des quatre pays (Maroc, France, Espagne et Belgique), qui ont beaucoup souffert de cette menace, de coordonner ensemble leurs actions pour lutter contre ce danger plan\u00e9taire\u00a0\u00bb, a-t-il relev\u00e9, notant que la cr\u00e9ation de ce Groupe quadripartite antiterroriste en demeure la meilleure illustration.<\/p>\n<p>\u00ab\u00a0Aujourd\u2019hui plus que jamais, nous sommes appel\u00e9s \u00e0 travailler de concert pour faire face \u00e0 la criminalit\u00e9 organis\u00e9e, dont le terrorisme est l\u2019une de ses formes et ce, \u00e0 travers\u00a0l\u2019unification des syst\u00e8mes de partage d\u2019informations et de coordination\u00a0\u00bb, a-t-il insist\u00e9.<\/p>\n<p>\u00ab\u00a0Certes, la situation est diff\u00e9rente d\u2019un pays \u00e0 un autre,\u00a0chacun ayant ses sp\u00e9cificit\u00e9s, sa propre culture et religion\u00a0mais la menace est toujours la m\u00eame.\u00a0Nous avons proc\u00e9d\u00e9 \u00e0 un partage d\u2019informations, mais il faudrait travailler davantage sur l\u2019homog\u00e9n\u00e9isation des syst\u00e8mes juridiques et judiciaires\u00a0\u00bb, a-t-il fait observer.<\/p>\n<p>Selon M. Alonso, m\u00eame si chaque pays a ses priorit\u00e9s, les quatre Etats partagent le m\u00eame but, \u00e0 savoir celui de faire r\u00e9gner la paix, la s\u00e9curit\u00e9 et la prosp\u00e9rit\u00e9. \u00ab\u00a0Ceci repr\u00e9sente le challenge et le d\u00e9fi majeur pour\u00a0les quatre pays confr\u00e8res qui ont r\u00e9ussi vraiment \u00e0 minimiser l\u2019impact du terrorisme\u00a0\u00bb, a-t-il poursuivi.<\/p>\n<p>\u00ab\u00a0Pour l\u2019Espagne, le terrorisme ne date pas d\u2019hier. Le pays a souffert de ce ph\u00e9nom\u00e8ne des ann\u00e9es auparavant. Notre adh\u00e9sion \u00e0 ce Groupe quadripartite permettra de partager les exp\u00e9riences et les expertises et\u00a0d\u2019utiliser les nouvelles technologies de communication pour davantage de coordination\u00a0\u00bb, a-t-il soutenu.<\/p>\n<p>Par ailleurs, le Procureur en chef de l\u2019Audience Nationale espagnole a soulign\u00e9 l\u2019urgence de lutter contre la nouvelle id\u00e9ologie v\u00e9hicul\u00e9e par les groupes terroristes, \u00e0 travers notamment le lavage des cerveaux et la manipulation des jeunes, estimant que le terrorisme trouve toujours racine dans l\u2019extr\u00e9misme pour accro\u00eetre ses potentialit\u00e9s.<\/p>\n<p>Il a aussi relev\u00e9 l\u2019importance d&rsquo;\u00a0\u00bbimmuniser\u00a0\u00bb la jeunesse des quatre pays contre la menace terroriste, attirant,\u00a0ainsi, l\u2019attention sur\u00a0le ph\u00e9nom\u00e8ne du retour des combattants \u00e9trangers dans leurs pays d\u2019origine et la n\u00e9cessit\u00e9\u00a0d\u2019adopter une politique d\u2019int\u00e9gration.<\/p>\n<p>\u00ab\u00a0Le terrorisme n\u2019a pas de religion ou de Patrie. Il\u00a0s\u2019agit d\u2019un danger mondial qui menace notre patrimoine et religion et essaie d\u2019effacer l\u2019histoire de toutes les Nations\u00a0\u00bb, a-t-il soutenu, appelant, en conclusion, \u00e0 plus de vigilance\u00a0et de coordination en mati\u00e8re de lutte contre le terrorisme.<\/p>\n<\/div>\n<p>Auteur: Meriem IGASS<br \/>\n<a href=\"http:\/\/www.mapmarrakech.ma\/fr\/le-maroc-un-leader-dans-la-region-en-matiere-de-lutte-antiterroriste\/\">Cliquez ici pour lire l&rsquo;article depuis sa source.<\/a><\/p>\n","protected":false},"excerpt":{"rendered":"<p>Marrakech \u2013 Le Royaume du Maroc est un pays leader dans la r\u00e9gion en mati\u00e8re de lutte contre le terrorisme, a soulign\u00e9, mercredi \u00e0 Marrakech, le Procureur en chef de l\u2019Audience Nationale d\u2019Espagne, M. Jesus Alonso. \u00ab\u00a0Le Maroc, qui se trouve dans la ligne de front, est d\u00e9termin\u00e9 \u00e0 l\u2019instar de ses confr\u00e8res espagnol, fran\u00e7ais [&hellip;]<\/p>\n","protected":false},"author":1788,"featured_media":0,"comment_status":"closed","ping_status":"closed","sticky":false,"template":"","format":"standard","meta":{"fifu_image_url":"","fifu_image_alt":"","footnotes":""},"categories":[54,76],"tags":[],"class_list":["post-69905","post","type-post","status-publish","format-standard","hentry","category-maroc","category-regions"],"_links":{"self":[{"href":"https:\/\/linitiative.ca\/International\/wp-json\/wp\/v2\/posts\/69905","targetHints":{"allow":["GET"]}}],"collection":[{"href":"https:\/\/linitiative.ca\/International\/wp-json\/wp\/v2\/posts"}],"about":[{"href":"https:\/\/linitiative.ca\/International\/wp-json\/wp\/v2\/types\/post"}],"author":[{"embeddable":true,"href":"https:\/\/linitiative.ca\/International\/wp-json\/wp\/v2\/users\/1788"}],"replies":[{"embeddable":true,"href":"https:\/\/linitiative.ca\/International\/wp-json\/wp\/v2\/comments?post=69905"}],"version-history":[{"count":0,"href":"https:\/\/linitiative.ca\/International\/wp-json\/wp\/v2\/posts\/69905\/revisions"}],"wp:attachment":[{"href":"https:\/\/linitiative.ca\/International\/wp-json\/wp\/v2\/media?parent=69905"}],"wp:term":[{"taxonomy":"category","embeddable":true,"href":"https:\/\/linitiative.ca\/International\/wp-json\/wp\/v2\/categories?post=69905"},{"taxonomy":"post_tag","embeddable":true,"href":"https:\/\/linitiative.ca\/International\/wp-json\/wp\/v2\/tags?post=69905"}],"curies":[{"name":"wp","href":"https:\/\/api.w.org\/{rel}","templated":true}]}}