{"id":69906,"date":"2019-12-11T11:40:37","date_gmt":"2019-12-11T16:40:37","guid":{"rendered":"https:\/\/linitiative.ca\/International\/terrorisme-plaidoyer-pour-approfondir-le-travail-en-commun\/"},"modified":"2019-12-11T11:40:37","modified_gmt":"2019-12-11T16:40:37","slug":"terrorisme-plaidoyer-pour-approfondir-le-travail-en-commun","status":"publish","type":"post","link":"https:\/\/linitiative.ca\/International\/terrorisme-plaidoyer-pour-approfondir-le-travail-en-commun\/","title":{"rendered":"Terrorisme: Plaidoyer pour approfondir le travail en commun"},"content":{"rendered":"<div readability=\"37\">\n<p>Marrakech \u2013 Le Procureur de la R\u00e9publique au Parquet National Antiterroriste en France, M. Jean Fran\u00e7ois Ricard a soulign\u00e9, mercredi \u00e0 Marrakech, l\u2019imp\u00e9ratif d\u2019approfondir la collaboration et le travail en commun pour faire face au mieux aux nouvelles menaces terroristes.<\/p>\n<\/div>\n<div readability=\"120\">\n<p>Intervenant lors de la R\u00e9union pl\u00e9ni\u00e8re des Parquets membres du Groupe quadripartite antiterroriste (11-12 d\u00e9cembre), M. Ricard, qui a salu\u00e9 la collaboration tr\u00e8s marquante depuis 1994 des autorit\u00e9s fran\u00e7aises avec leurs homologues marocaines, espagnoles et belges, a affirm\u00e9 que cette coop\u00e9ration incite \u00e0 consolider cette collaboration et ces \u00e9changes de pratiques pour \u00eatre plus comp\u00e9tents et plus efficaces.<\/p>\n<p>\u00ab\u00a0Le pass\u00e9 est l\u00e0 pour nous donner des le\u00e7ons pour le pr\u00e9sent et l\u2019avenir: il faut continuer \u00e0 approfondir cette collaboration, ce travail en commun, ces \u00e9changes de pratiques et ces r\u00e9flexions qui nous permettent d\u2019\u00eatre meilleurs, plus comp\u00e9tents et plus efficaces et de r\u00e9pondre au mieux aux nouvelles menaces que constitue le terrorisme dans des phases tr\u00e8s particuli\u00e8res\u00a0\u00bb, a-t-il soutenu.<\/p>\n<p>\u00ab\u00a0Cette menace terroriste, nous l\u2019affrontons ensemble depuis des ann\u00e9es. Nous allons r\u00e9fl\u00e9chir ensemble en \u00e9changeant \u00e0 mieux coordonner nos pratiques, \u00e0 mieux avancer face \u00e0 cette menace et \u00e0 mieux y r\u00e9pondre\u00a0\u00bb, a-t-il encha\u00een\u00e9.<\/p>\n<p>Dans ce sens, il a fait remarquer que \u00ab\u00a0l\u2019effondrement militaire de l\u2019Etat Islamique ne signifie pas la fin d\u2019une menace, mais plus particuli\u00e8rement une nouvelle forme de cette menace, avec le retour d\u2019un certain nombre de ses individus vers nos territoires\u00a0\u00bb.<\/p>\n<p>\u00ab\u00a0C\u2019est un danger auquel nous devons faire face et que nous sommes d\u00e9j\u00e0 en train d\u2019y r\u00e9pondre\u00a0\u00bb, a-t-il pr\u00e9cis\u00e9.<\/p>\n<p>Et M. Ricard de relever qu\u2019il s\u2019agit donc \u00ab\u00a0de r\u00e9pondre \u00e0 de nouvelles menaces et l\u2019une des premi\u00e8res r\u00e9ponses est le travail en commun entre de grandes Nations, un travail que nous menons depuis longtemps\u00a0\u00bb, notant que la R\u00e9union du Groupe quadripartite \u00ab\u00a0en est une parfaite illustration\u00a0\u00bb.<\/p>\n<p>Apr\u00e8s avoir exprim\u00e9 sa grande joie et son immense honneur de participer \u00e0 cette R\u00e9union d\u2019envergure, il s\u2019est dit convaincu qu\u2019\u00e0 l\u2019issue de ces journ\u00e9es de travail, \u00ab\u00a0nous allons aboutir \u00e0 des r\u00e9sultats positifs\u00a0\u00bb.<\/p>\n<p>\u00ab\u00a0Je dirais m\u00eame que nous devons arriver et aboutir \u00e0 des r\u00e9sultats positifs face au danger que repr\u00e9sente la menace terroriste\u00a0\u00bb, a-t-il dit.<\/p>\n<p>Rappelant l\u2019installation, le 1er juillet dernier, du Parquet National antiterroriste, une \u00ab\u00a0tr\u00e8s jeune institution\u00a0\u00bb autonome, M. Ricard a expliqu\u00e9 que ce Parquet \u00ab\u00a0est quelque chose de nouveau mais en m\u00eame temps, il s\u2019inscrit dans une tradition de l\u2019organisation fran\u00e7aise en mati\u00e8re de lutte antiterroriste\u00a0\u00bb.<\/p>\n<p>\u00ab\u00a0C\u2019est une nouveaut\u00e9 et aussi la marque tr\u00e8s claire des autorit\u00e9s fran\u00e7aises de construire des institutions solides s\u2019inscrivant dans la dur\u00e9e pour r\u00e9pondre au mieux \u00e0 la lutte antiterroriste, notamment \u00e0 la vague d\u2019attentats terroristes ayant frapp\u00e9 la France au cours des ann\u00e9es 2015 et 2016\u00a0\u00bb.<\/p>\n<p>\u00ab\u00a0Ce Parquet National Antiterroriste s\u2019inscrit aussi dans les profonds changements que la R\u00e9publique Fran\u00e7aise a voulus mettre en place face aux nouvelles formes de terrorisme, aux nouvelles menaces et \u00e0 l\u2019ampleur de ces menaces, avec des changements importants dans les services de renseignements, une r\u00e9organisation, pour partie, de certaines administrations et une nouvelle articulation mise en place \u00e9galement au plus pr\u00e8s du pr\u00e9sident de la R\u00e9publique\u00a0\u00bb, a-t-il expliqu\u00e9.<\/p>\n<p>Soulignant l\u2019importance d\u2019\u00e9voquer, lors de cette r\u00e9union, l\u2019avenir avec notamment de nouvelles formes de menaces terroristes comme le financement du terrorisme et la propagation de cette id\u00e9ologie, M. Ricard a soutenu, en conclusion, que les travaux de cette Rencontre \u00ab\u00a0vont nous permettre d\u2019avancer \u00e0 nouveau vers de nouvelles solutions\u00a0\u00bb pour faire face aux menaces que posent ce fl\u00e9au mondial.<\/p>\n<\/div>\n<p>Auteur: Meriem IGASS<br \/>\n<a href=\"http:\/\/www.mapmarrakech.ma\/fr\/terrorisme\/\">Cliquez ici pour lire l&rsquo;article depuis sa source.<\/a><\/p>\n","protected":false},"excerpt":{"rendered":"<p>Marrakech \u2013 Le Procureur de la R\u00e9publique au Parquet National Antiterroriste en France, M. Jean Fran\u00e7ois Ricard a soulign\u00e9, mercredi \u00e0 Marrakech, l\u2019imp\u00e9ratif d\u2019approfondir la collaboration et le travail en commun pour faire face au mieux aux nouvelles menaces terroristes. Intervenant lors de la R\u00e9union pl\u00e9ni\u00e8re des Parquets membres du Groupe quadripartite antiterroriste (11-12 d\u00e9cembre), [&hellip;]<\/p>\n","protected":false},"author":1788,"featured_media":0,"comment_status":"closed","ping_status":"closed","sticky":false,"template":"","format":"standard","meta":{"fifu_image_url":"","fifu_image_alt":"","footnotes":""},"categories":[54,76],"tags":[],"class_list":["post-69906","post","type-post","status-publish","format-standard","hentry","category-maroc","category-regions"],"_links":{"self":[{"href":"https:\/\/linitiative.ca\/International\/wp-json\/wp\/v2\/posts\/69906","targetHints":{"allow":["GET"]}}],"collection":[{"href":"https:\/\/linitiative.ca\/International\/wp-json\/wp\/v2\/posts"}],"about":[{"href":"https:\/\/linitiative.ca\/International\/wp-json\/wp\/v2\/types\/post"}],"author":[{"embeddable":true,"href":"https:\/\/linitiative.ca\/International\/wp-json\/wp\/v2\/users\/1788"}],"replies":[{"embeddable":true,"href":"https:\/\/linitiative.ca\/International\/wp-json\/wp\/v2\/comments?post=69906"}],"version-history":[{"count":0,"href":"https:\/\/linitiative.ca\/International\/wp-json\/wp\/v2\/posts\/69906\/revisions"}],"wp:attachment":[{"href":"https:\/\/linitiative.ca\/International\/wp-json\/wp\/v2\/media?parent=69906"}],"wp:term":[{"taxonomy":"category","embeddable":true,"href":"https:\/\/linitiative.ca\/International\/wp-json\/wp\/v2\/categories?post=69906"},{"taxonomy":"post_tag","embeddable":true,"href":"https:\/\/linitiative.ca\/International\/wp-json\/wp\/v2\/tags?post=69906"}],"curies":[{"name":"wp","href":"https:\/\/api.w.org\/{rel}","templated":true}]}}