{"id":69907,"date":"2019-12-11T11:46:41","date_gmt":"2019-12-11T16:46:41","guid":{"rendered":"https:\/\/linitiative.ca\/International\/necessite-de-renforcer-le-combat-commun-face-au-terrorisme\/"},"modified":"2019-12-11T11:46:41","modified_gmt":"2019-12-11T16:46:41","slug":"necessite-de-renforcer-le-combat-commun-face-au-terrorisme","status":"publish","type":"post","link":"https:\/\/linitiative.ca\/International\/necessite-de-renforcer-le-combat-commun-face-au-terrorisme\/","title":{"rendered":"N\u00e9cessit\u00e9 de renforcer le \u00ab\u00a0combat commun\u00a0\u00bb face au terrorisme"},"content":{"rendered":"<div readability=\"39\">\n<p>Marrakech \u2013 Le Procureur f\u00e9d\u00e9ral de Belgique, Fr\u00e9deric Van Leeuw, a soulign\u00e9, mercredi \u00e0 Marrakech, la n\u00e9cessit\u00e9 de renforcer l\u2019unit\u00e9 et le \u00ab\u00a0combat commun\u00a0\u00bb face au ph\u00e9nom\u00e8ne du terrorisme, qui menace la stabilit\u00e9 et la s\u00e9curit\u00e9 de la Communaut\u00e9 internationale.<\/p>\n<\/div>\n<div readability=\"83\">\n<p>\u00ab\u00a0Il est important de montrer l\u2019unit\u00e9, dans un monde fragment\u00e9 et qui se divise, en tant que valeur importante, particuli\u00e8rement du Minist\u00e8re public et du Parquet\u00a0\u00bb, a-t-il affirm\u00e9 \u00e0 l\u2019ouverture de la R\u00e9union pl\u00e9ni\u00e8re des Parquets membres du Groupe quadripartite antiterroriste, qui se tient les 11 et 12 d\u00e9cembre dans la cit\u00e9 ocre.<\/p>\n<p>\u00ab\u00a0Nos quatre pays (Belgique, France, Espagne et Maroc) ont \u00e9t\u00e9 confront\u00e9s au terrorisme. Certains plus t\u00f4t que d\u2019autres\u00a0\u00bb, a not\u00e9 M. Van Leeuw, ajoutant que cette R\u00e9union rev\u00eat une importance toute particuli\u00e8re car \u00ab\u00a0nous avons une population en commun\u00a0\u00bb.<\/p>\n<p>\u00ab\u00a0Nous sommes dans un monde de globalisation qui fait parfois peur et provoque un repli sur soi. Pour que cette globalisation soit un succ\u00e8s pour tout le monde, il faut lui donner une \u00e2me\u00a0\u00bb, a-t-il estim\u00e9.<\/p>\n<p>Ce genre de rencontres, a-t-il not\u00e9, donne une \u00e2me \u00e0 cette globalisation, en favorisant les \u00e9changes \u00ab\u00a0en vue de nous comprendre et de nous aider les uns les autres\u00a0\u00bb.<\/p>\n<p>Mettant en avant la dangerosit\u00e9 de la n\u00e9buleuse terroriste, qui continue de frapper dans certaines r\u00e9gions du monde malgr\u00e9 le repli des organisations terroristes dans les foyers de tensions, M. Van Leeuw a fait remarquer que \u00ab\u00a0nous sommes confront\u00e9s actuellement \u00e0 la probl\u00e9matique du retour des combattants \u00e9trangers aux multiples nationalit\u00e9s et identit\u00e9s\u00a0\u00bb vers leurs pays d\u2019origine.<\/p>\n<p>D\u2019o\u00f9, a-t-il dit, l\u2019imp\u00e9ratif d\u2019\u00eatre plus attentifs face \u00e0 ces terroristes qui oeuvrent \u00e0 diffuser leurs id\u00e9ologies extr\u00e9mistes dans le but de provoquer une polarisation et une confrontation parmi les populations.<\/p>\n<p>Ce genre de rencontres et de discussions sont \u00ab\u00a0extr\u00eamement importantes\u00a0\u00bb pour essayer de trouver des r\u00e9ponses appropri\u00e9es afin d\u2019\u00e9viter l\u2019irr\u00e9parable et consolider ainsi le vivre-ensemble, a-t-il encha\u00een\u00e9.<\/p>\n<p>Et M. Van Leeuw de conclure que \u00ab\u00a0le terrorisme est un ph\u00e9nom\u00e8ne contre lequel nous devons lutter, mais nous devons comprendre que nous sommes l\u00e0 pour construire un meilleur avenir pour notre monde et pour nos populations\u00a0\u00bb.<\/p>\n<\/div>\n<p>Auteur: Meriem IGASS<br \/>\n<a href=\"http:\/\/www.mapmarrakech.ma\/fr\/necessite-de-renforcer-le-combat-commun-face-au-terrorisme\/\">Cliquez ici pour lire l&rsquo;article depuis sa source.<\/a><\/p>\n","protected":false},"excerpt":{"rendered":"<p>Marrakech \u2013 Le Procureur f\u00e9d\u00e9ral de Belgique, Fr\u00e9deric Van Leeuw, a soulign\u00e9, mercredi \u00e0 Marrakech, la n\u00e9cessit\u00e9 de renforcer l\u2019unit\u00e9 et le \u00ab\u00a0combat commun\u00a0\u00bb face au ph\u00e9nom\u00e8ne du terrorisme, qui menace la stabilit\u00e9 et la s\u00e9curit\u00e9 de la Communaut\u00e9 internationale. \u00ab\u00a0Il est important de montrer l\u2019unit\u00e9, dans un monde fragment\u00e9 et qui se divise, en [&hellip;]<\/p>\n","protected":false},"author":1788,"featured_media":0,"comment_status":"closed","ping_status":"closed","sticky":false,"template":"","format":"standard","meta":{"fifu_image_url":"","fifu_image_alt":"","footnotes":""},"categories":[54,76],"tags":[],"class_list":["post-69907","post","type-post","status-publish","format-standard","hentry","category-maroc","category-regions"],"_links":{"self":[{"href":"https:\/\/linitiative.ca\/International\/wp-json\/wp\/v2\/posts\/69907","targetHints":{"allow":["GET"]}}],"collection":[{"href":"https:\/\/linitiative.ca\/International\/wp-json\/wp\/v2\/posts"}],"about":[{"href":"https:\/\/linitiative.ca\/International\/wp-json\/wp\/v2\/types\/post"}],"author":[{"embeddable":true,"href":"https:\/\/linitiative.ca\/International\/wp-json\/wp\/v2\/users\/1788"}],"replies":[{"embeddable":true,"href":"https:\/\/linitiative.ca\/International\/wp-json\/wp\/v2\/comments?post=69907"}],"version-history":[{"count":0,"href":"https:\/\/linitiative.ca\/International\/wp-json\/wp\/v2\/posts\/69907\/revisions"}],"wp:attachment":[{"href":"https:\/\/linitiative.ca\/International\/wp-json\/wp\/v2\/media?parent=69907"}],"wp:term":[{"taxonomy":"category","embeddable":true,"href":"https:\/\/linitiative.ca\/International\/wp-json\/wp\/v2\/categories?post=69907"},{"taxonomy":"post_tag","embeddable":true,"href":"https:\/\/linitiative.ca\/International\/wp-json\/wp\/v2\/tags?post=69907"}],"curies":[{"name":"wp","href":"https:\/\/api.w.org\/{rel}","templated":true}]}}