{"id":69908,"date":"2019-12-11T12:00:36","date_gmt":"2019-12-11T17:00:36","guid":{"rendered":"https:\/\/linitiative.ca\/International\/laeroport-marrakech-menara-celebre-son-6-millionieme-passager\/"},"modified":"2019-12-11T12:00:36","modified_gmt":"2019-12-11T17:00:36","slug":"laeroport-marrakech-menara-celebre-son-6-millionieme-passager","status":"publish","type":"post","link":"https:\/\/linitiative.ca\/International\/laeroport-marrakech-menara-celebre-son-6-millionieme-passager\/","title":{"rendered":"L\u2019a\u00e9roport Marrakech Menara c\u00e9l\u00e8bre son 6 millioni\u00e8me passager"},"content":{"rendered":"<div readability=\"38\">\n<p>Marrakech \u2013 L\u2019a\u00e9roport international Marrakech Menara a c\u00e9l\u00e9br\u00e9, mercredi, son 6 millioni\u00e8me passager, lors d\u2019une c\u00e9r\u00e9monie grandiose, organis\u00e9e \u00e0 l\u2019initiative de l\u2019Office National des A\u00e9roports (ONDA).<\/p>\n<\/div>\n<div readability=\"126\">\n<p>A son arriv\u00e9e \u00e0 l\u2019a\u00e9roport Marrakech Menara qui a franchi, pour la premi\u00e8re fois, le cap de 6 millions de passagers, l\u2019heureuse gagnante du vol num\u00e9ro QR 1463 de la compagnie Qatar Airways, en provenance de Doha, s\u2019est vue attribuer des pr\u00e9sents de la part de l\u2019ONDA, de Qatar Airways et des partenaires de l\u2019\u00e9v\u00e9nement.<\/p>\n<p>A cette occasion, un accueil chaleureux a \u00e9t\u00e9 r\u00e9serv\u00e9 \u00e0 cette passag\u00e8re d\u2019origine am\u00e9ricaine, en pr\u00e9sence notamment du Wali de la r\u00e9gion Marrakech-Safi, gouverneur de la pr\u00e9fecture de Marrakech, Karim Kassi-Lahlou, et d\u2019autres personnalit\u00e9s.<\/p>\n<p>Dans une d\u00e9claration \u00e0 la MAP, le directeur du p\u00f4le exploitation a\u00e9roportuaire, Hamid Mokadem, a mis en avant l\u2019importance et la symbolique de cet heureux \u00e9v\u00e9nement qui c\u00e9l\u00e8bre l\u2019arriv\u00e9e du 6 millioni\u00e8me passager au niveau de l\u2019a\u00e9roport Marrakech Menara.<\/p>\n<p>L\u2019a\u00e9roport de la cit\u00e9 ocre a enregistr\u00e9, ces derni\u00e8res ann\u00e9es, une \u00e9volution tr\u00e8s importante du trafic qui a d\u00e9pass\u00e9 les 20 pc, s\u2019est-il f\u00e9licit\u00e9, notant que le chiffre atteint aujourd\u2019hui, qui est de 6 millions de passagers, conna\u00eetra une nette augmentation.<\/p>\n<p>Ce r\u00e9sultat est le fruit des efforts d\u00e9ploy\u00e9s par l\u2019ensemble des intervenants et \u00e0 leur t\u00eate l\u2019ONDA, a-t-il soulign\u00e9, relevant que l\u2019a\u00e9roport Marrakech Menara \u00ab\u00a0se trouve aujourd\u2019hui avec des destinations et provenances doubl\u00e9es avec plusieurs villes europ\u00e9ennes, outre celles de Jeddah, Istanbul et de Doha\u00a0\u00bb.<\/p>\n<p>Cet a\u00e9roport, situ\u00e9 dans une ville de renomm\u00e9e mondiale sur le plan touristique, r\u00e9pond \u00e0 l\u2019ensemble des exigences, notamment en mati\u00e8re de s\u00fbret\u00e9, de s\u00e9curit\u00e9 et de qualit\u00e9 de services offerts aux passagers, a-t-il ajout\u00e9.<\/p>\n<p>De son c\u00f4t\u00e9, la d\u00e9l\u00e9gu\u00e9e r\u00e9gionale du Tourisme \u00e0 Marrakech, Fadoua Chbani Idrissi, a indiqu\u00e9 que ce chiffre record t\u00e9moigne du travail consenti par l\u2019ensemble des intervenants dans le secteur afin d\u2019am\u00e9liorer l\u2019attractivit\u00e9 de la destination Marrakech et de renforcer sa liaison a\u00e9rienne avec d\u2019autres destinations nationales et internationales.<\/p>\n<p>Pour sa part, la gagnante, Sarah Glover, une journaliste am\u00e9ricaine, s\u2019est f\u00e9licit\u00e9e de cette belle surprise et de cet accueil chaleureux, exprimant son immense joie d\u2019\u00eatre le 6 millioni\u00e8me passager de l\u2019a\u00e9roport Marrakech Menara et ce, pour sa premi\u00e8re visite au Maroc.<\/p>\n<p>Avec 5.299.229 passagers enregistr\u00e9s \u00e0 fin octobre 2019, l\u2019a\u00e9roport Marrakech Menara est le 2\u00e8me a\u00e9roport du Royaume en termes de trafic passager. Cet a\u00e9roport enregistre, depuis l\u2019ann\u00e9e 2017, des taux de croissance \u00e0 deux chiffres avec une \u00e9volution annuelle moyenne de +16,42%.<\/p>\n<p>Ainsi, le trafic a\u00e9rien \u00e0 l\u2019a\u00e9roport de la cit\u00e9 ocre est pass\u00e9 de 3,8 millions de passagers en 2016 \u00e0 plus de 6 millions de passagers aujourd\u2019hui le 11 d\u00e9cembre 2019.<\/p>\n<p>L\u2019a\u00e9roport Marrakech Menara est certifi\u00e9 ISO 9001 Version 2015 et ISO 14001 Version 2015. Il a \u00e9t\u00e9 \u00e9galement choisi en 2017 par les usagers de l\u2019alliance Sky Team comme \u00e9tant le plus bel a\u00e9roport au monde.<\/p>\n<p>Il est desservi par 31 compagnies a\u00e9riennes op\u00e9rant 477 fr\u00e9quences hebdomadaires reliant la ville de Marrakech \u00e0 plus d\u2019une cinquantaine de destinations, dont 3 longs courriers reliant la cit\u00e9 ocre \u00e0 Doha, Istanbul et \u00e0 Jeddah.<\/p>\n<\/div>\n<p>Auteur: Meriem IGASS<br \/>\n<a href=\"http:\/\/www.mapmarrakech.ma\/fr\/menara\/\">Cliquez ici pour lire l&rsquo;article depuis sa source.<\/a><\/p>\n","protected":false},"excerpt":{"rendered":"<p>Marrakech \u2013 L\u2019a\u00e9roport international Marrakech Menara a c\u00e9l\u00e9br\u00e9, mercredi, son 6 millioni\u00e8me passager, lors d\u2019une c\u00e9r\u00e9monie grandiose, organis\u00e9e \u00e0 l\u2019initiative de l\u2019Office National des A\u00e9roports (ONDA). A son arriv\u00e9e \u00e0 l\u2019a\u00e9roport Marrakech Menara qui a franchi, pour la premi\u00e8re fois, le cap de 6 millions de passagers, l\u2019heureuse gagnante du vol num\u00e9ro QR 1463 de [&hellip;]<\/p>\n","protected":false},"author":1788,"featured_media":0,"comment_status":"closed","ping_status":"closed","sticky":false,"template":"","format":"standard","meta":{"fifu_image_url":"","fifu_image_alt":"","footnotes":""},"categories":[54,76],"tags":[],"class_list":["post-69908","post","type-post","status-publish","format-standard","hentry","category-maroc","category-regions"],"_links":{"self":[{"href":"https:\/\/linitiative.ca\/International\/wp-json\/wp\/v2\/posts\/69908","targetHints":{"allow":["GET"]}}],"collection":[{"href":"https:\/\/linitiative.ca\/International\/wp-json\/wp\/v2\/posts"}],"about":[{"href":"https:\/\/linitiative.ca\/International\/wp-json\/wp\/v2\/types\/post"}],"author":[{"embeddable":true,"href":"https:\/\/linitiative.ca\/International\/wp-json\/wp\/v2\/users\/1788"}],"replies":[{"embeddable":true,"href":"https:\/\/linitiative.ca\/International\/wp-json\/wp\/v2\/comments?post=69908"}],"version-history":[{"count":0,"href":"https:\/\/linitiative.ca\/International\/wp-json\/wp\/v2\/posts\/69908\/revisions"}],"wp:attachment":[{"href":"https:\/\/linitiative.ca\/International\/wp-json\/wp\/v2\/media?parent=69908"}],"wp:term":[{"taxonomy":"category","embeddable":true,"href":"https:\/\/linitiative.ca\/International\/wp-json\/wp\/v2\/categories?post=69908"},{"taxonomy":"post_tag","embeddable":true,"href":"https:\/\/linitiative.ca\/International\/wp-json\/wp\/v2\/tags?post=69908"}],"curies":[{"name":"wp","href":"https:\/\/api.w.org\/{rel}","templated":true}]}}