{"id":69912,"date":"2019-12-11T09:55:58","date_gmt":"2019-12-11T14:55:58","guid":{"rendered":"https:\/\/linitiative.ca\/International\/manifestations-du-11-decembre-1960-reinhumation-des-restes-du-chahid-bennai-omar-a-theniet-el-had-tissemsilt\/"},"modified":"2019-12-11T09:55:58","modified_gmt":"2019-12-11T14:55:58","slug":"manifestations-du-11-decembre-1960-reinhumation-des-restes-du-chahid-bennai-omar-a-theniet-el-had-tissemsilt","status":"publish","type":"post","link":"https:\/\/linitiative.ca\/International\/manifestations-du-11-decembre-1960-reinhumation-des-restes-du-chahid-bennai-omar-a-theniet-el-had-tissemsilt\/","title":{"rendered":"Manifestations du 11 d\u00e9cembre 1960 : r\u00e9inhumation des restes du chahid Bennai Omar \u00e0 Theniet El Had (Tissemsilt)"},"content":{"rendered":"<div readability=\"34\">\n<p><strong>TISSEMSILT- Une c\u00e9r\u00e9monie de r\u00e9inhumation des restes du chahid Bennai Omar a \u00e9t\u00e9 organis\u00e9e mercredi au carr\u00e9 des martyrs de la commune de Theniet El Had (Tissemsilt) \u00e0 l\u2019occasion de la c\u00e9l\u00e9bration du 59\u00e8me anniversaire des manifestations du 11 d\u00e9cembre 1960.<\/strong><\/p>\n<\/div>\n<div readability=\"70\">\n<p>La c\u00e9r\u00e9monie s\u2019est d\u00e9roul\u00e9e en pr\u00e9sence des autorit\u00e9s locales et de repr\u00e9sentants de la famille r\u00e9volutionnaire. Le wali de Tissemsilt, Salah El Affani, a honor\u00e9, \u00e0 cette occasion, la famille du chahid.<\/p>\n<p>Les restes du chahid, moudjahid de la 3\u00e8me zone de la 4\u00e8me r\u00e9gion de la Wilaya VI historique, ont \u00e9t\u00e9 d\u00e9couverts au d\u00e9but de l\u2019ann\u00e9e en cours \u00e0 la zone de Zerzer, dans la commune de Sidi Boutechent (Tissemsilt), apr\u00e8s une recherche qui avait dur\u00e9 trois mois men\u00e9e par une \u00e9quipe compos\u00e9e de compagnons du chahid et de cadres de la direction locale des moudjahidine.<\/p>\n<p>Le martyr Bennai Omar est n\u00e9 en 1917 au douar Medad, \u00e0 Theniet El Had.<\/p>\n<p>Il rejoignit les rangs de l\u2019ALN en 1956. Il tomba en martyr au champ d\u2019honneur \u00e0 Zerzer, pr\u00e8s de Sidi Boutechent, lors d\u2019un raid a\u00e9rien des forces coloniales fran\u00e7aises en 1957.<\/p>\n<p>La c\u00e9l\u00e9bration des manifestations du 11 d\u00e9cembre 1960, organis\u00e9e \u00e0 Theniet El Had, a \u00e9t\u00e9 \u00e9galement marqu\u00e9e par la lev\u00e9e des couleurs nationales, la pose d\u2019une gerbe de fleurs et la lecture de la Fatiha \u00e0 la m\u00e9moire des chouhada.<\/p>\n<p>Le secr\u00e9taire de wilaya de l\u2019Organisation nationale des moudjahidines (ONM), Redouane Touag, a pris la parole, \u00e0 cette occasion, pour mettre en exergue l\u2019importance des manifestations du 11 d\u00e9cembre 1960 sur le cours de la guerre de lib\u00e9ration nationale.<\/p>\n<\/div>\n<p>Auteur:<br \/>\n<a href=\"http:\/\/www.aps.dz\/regions\/98813-manifestations-du-11-decembre-1960-reinhumation-des-restes-du-chahid-bennai-omar-a-theniet-el-had-tissemsilt\">Cliquez ici pour lire l&rsquo;article depuis sa source.<\/a><\/p>\n","protected":false},"excerpt":{"rendered":"<p>TISSEMSILT- Une c\u00e9r\u00e9monie de r\u00e9inhumation des restes du chahid Bennai Omar a \u00e9t\u00e9 organis\u00e9e mercredi au carr\u00e9 des martyrs de la commune de Theniet El Had (Tissemsilt) \u00e0 l\u2019occasion de la c\u00e9l\u00e9bration du 59\u00e8me anniversaire des manifestations du 11 d\u00e9cembre 1960. La c\u00e9r\u00e9monie s\u2019est d\u00e9roul\u00e9e en pr\u00e9sence des autorit\u00e9s locales et de repr\u00e9sentants de la [&hellip;]<\/p>\n","protected":false},"author":1790,"featured_media":0,"comment_status":"closed","ping_status":"closed","sticky":false,"template":"","format":"standard","meta":{"fifu_image_url":"","fifu_image_alt":"","footnotes":""},"categories":[53,76],"tags":[],"class_list":["post-69912","post","type-post","status-publish","format-standard","hentry","category-algerie","category-regions"],"_links":{"self":[{"href":"https:\/\/linitiative.ca\/International\/wp-json\/wp\/v2\/posts\/69912","targetHints":{"allow":["GET"]}}],"collection":[{"href":"https:\/\/linitiative.ca\/International\/wp-json\/wp\/v2\/posts"}],"about":[{"href":"https:\/\/linitiative.ca\/International\/wp-json\/wp\/v2\/types\/post"}],"author":[{"embeddable":true,"href":"https:\/\/linitiative.ca\/International\/wp-json\/wp\/v2\/users\/1790"}],"replies":[{"embeddable":true,"href":"https:\/\/linitiative.ca\/International\/wp-json\/wp\/v2\/comments?post=69912"}],"version-history":[{"count":0,"href":"https:\/\/linitiative.ca\/International\/wp-json\/wp\/v2\/posts\/69912\/revisions"}],"wp:attachment":[{"href":"https:\/\/linitiative.ca\/International\/wp-json\/wp\/v2\/media?parent=69912"}],"wp:term":[{"taxonomy":"category","embeddable":true,"href":"https:\/\/linitiative.ca\/International\/wp-json\/wp\/v2\/categories?post=69912"},{"taxonomy":"post_tag","embeddable":true,"href":"https:\/\/linitiative.ca\/International\/wp-json\/wp\/v2\/tags?post=69912"}],"curies":[{"name":"wp","href":"https:\/\/api.w.org\/{rel}","templated":true}]}}