{"id":69914,"date":"2019-12-10T20:06:58","date_gmt":"2019-12-11T01:06:58","guid":{"rendered":"https:\/\/linitiative.ca\/International\/lenvironnement-et-la-citoyennete-au-centre-dun-forum\/"},"modified":"2019-12-10T20:06:58","modified_gmt":"2019-12-11T01:06:58","slug":"lenvironnement-et-la-citoyennete-au-centre-dun-forum","status":"publish","type":"post","link":"https:\/\/linitiative.ca\/International\/lenvironnement-et-la-citoyennete-au-centre-dun-forum\/","title":{"rendered":"L\u2019environnement et la citoyennet\u00e9 au centre d\u2019un forum"},"content":{"rendered":"<p class=\"c4\">\u00ab\u00a0Berkane, vers une gouvernance environnementale intelligente\u00a0\u00bb est le th\u00e8me central de la premi\u00e8re \u00e9dition du Forum de l\u2019environnement et de la citoyennet\u00e9 \u00e0 Berkane, dont les travaux se sont ouverts, mardi, au si\u00e8ge de la province.<\/p>\n<p class=\"c4\">Organis\u00e9 par la Soci\u00e9t\u00e9 de d\u00e9veloppement local (SDL) de Berkane \u00ab\u00a0Marafik Berkane\u00a0\u00bb, sous l\u2019\u00e9gide de la province et avec le soutien de l\u2019Initiative nationale pour le d\u00e9veloppement humain (INDH), ce forum r\u00e9unit des repr\u00e9sentants des autorit\u00e9s locales et de la soci\u00e9t\u00e9 civile, des universitaires et des experts.<\/p>\n<p class=\"c4\">Intervenant \u00e0 l\u2019ouverture de cette rencontre de deux jours, le gouverneur de la province de Berkane, Mohamed Ali Habouha a soulign\u00e9 la relation entre le citoyen et l\u2019environnement et entre le citoyen et l\u2019administration, faisant remarquer que la gestion et la pr\u00e9servation de l\u2019environnement est une responsabilit\u00e9 partag\u00e9e entre les deux parties.<\/p>\n<p class=\"c4\">A cette occasion et apr\u00e8s avoir rappel\u00e9 les diff\u00e9rentes causes et attitudes qui sont \u00e0 l\u2019origine de la d\u00e9gradation de l\u2019environnement, ainsi que les cons\u00e9quences qui en d\u00e9coulent, il a soulign\u00e9 l\u2019imp\u00e9ratif d\u2019une mobilisation collective pour informer, sensibiliser et faire \u00e9voluer les mentalit\u00e9s et les comportements vis-\u00e0-vis de l\u2019environnement, afin de pr\u00e9server les atouts naturels dont jouit la province de Berkane et de promouvoir le d\u00e9veloppement durable.<\/p>\n<p class=\"c4\">Notant que le programme de ce forum pr\u00e9voit aussi un d\u00e9bat sur le service public, M. Habouha a annonc\u00e9 le lancement d\u2019un portail num\u00e9rique qui vise le rapprochement de l\u2019administration et son interaction positive avec les habitants de la province, expliquant que cette exp\u00e9rience qui favorise la proximit\u00e9 num\u00e9rique va permettre aux citoyens de demander des attestations ou documents administratifs en ligne.<\/p>\n<p><img class=\"wp-image-16475 aligncenter\" data-src=\"http:\/\/www.mapoujda.ma\/map\/uploads\/2019\/12\/M.-Mohamed-Ali-Habouha-au-Forum-M750\u00d7430-MAP.jpg\" alt=\"\" width=\"576\" height=\"330\" srcset=\"http:\/\/www.mapoujda.ma\/map\/uploads\/2019\/12\/M.-Mohamed-Ali-Habouha-au-Forum-M750\u00d7430-MAP.jpg 750w, http:\/\/www.mapoujda.ma\/map\/uploads\/2019\/12\/M.-Mohamed-Ali-Habouha-au-Forum-M750\u00d7430-MAP-300x172.jpg 300w\" sizes=\"(max-width: 576px) 100vw, 576px\"\/><\/p>\n<p class=\"c4\">Cette plate-forme num\u00e9rique ambitionne aussi de renforcer la communication entre le citoyen et l\u2019administration, de fournir des donn\u00e9es g\u00e9n\u00e9rales concernant la province et ses potentialit\u00e9s, d\u2019informer sur les \u00e9v\u00e9nements culturels, sportives ou autres, en plus d\u2019assurer le suivi continu des projets en cours de r\u00e9alisation au niveau du territoire de la province.<\/p>\n<p class=\"c4\">De son c\u00f4t\u00e9, le directeur g\u00e9n\u00e9ral de la soci\u00e9t\u00e9 \u00ab\u00a0Marafik Berkane\u00a0\u00bb, Mohamed El Kihel qui a ax\u00e9 son intervention sur le but de la tenue de ce forum, a mis l\u2019accent sur l\u2019importance de l\u2019appropriation des technologies vertes et sur les avanc\u00e9es r\u00e9alis\u00e9es au niveau de la province de Berkane dans les domines de la gouvernance num\u00e9rique et de la gouvernance \u00e9nerg\u00e9tique.<\/p>\n<p class=\"c4\">La pr\u00e9sidente de l\u2019universit\u00e9 Hassan II de Casablanca, Aawatif Hayar a trait\u00e9, quant \u00e0 elle, du concept \u00ab\u00a0ville intelligente\u00a0\u00bb, introduit il y a une dizaine d\u2019ann\u00e9es et qui est en quelque sorte l\u2019\u00e9volution de la convergence entre le concept du d\u00e9veloppement durable et l\u2019internet des objets.<\/p>\n<p class=\"c4\">Cette convergence a permis de mettre \u00e0 profit les nouvelles technologies de l\u2019information et de la communication pour optimiser la gestion des ressources et des syst\u00e8mes de la ville, a-t-elle expliqu\u00e9, affirmant que le recours aux nouvelles technologies (smartphone) permet d\u2019optimiser les politiques territoriales et d\u2019\u00eatre proche des citoyens.<\/p>\n<p class=\"c4\">Et de poursuivre que la mise en place d\u2019un portail num\u00e9rique interactif donne aux citoyens la possibilit\u00e9 d\u2019exprimer leurs avis et leurs propositions sur les r\u00e9alisations qui sont en cours, notant que cette initiative salutaire m\u00e9rite d\u2019\u00eatre d\u00e9velopp\u00e9e et g\u00e9n\u00e9ralis\u00e9e dans d\u2019autres r\u00e9gions du Royaume.<\/p>\n<p class=\"c4\">Au programme de ce premier forum figurent notamment des tables rondes sur le concept des services publics et sur l\u2019environnement et la gouvernance \u00e9nerg\u00e9tique, une rencontre-d\u00e9bat sur le r\u00f4le des acteurs territoriaux dans la gouvernance des services publics, en plus de l\u2019inauguration du club de l\u2019environnement du coll\u00e8ge Omar Ibn Al Khattab et le lancement de l\u2019initiative \u00ab\u00a0un arbre pour chaque \u00e9l\u00e8ve\u00a0\u00bb.<\/p>\n<p>Auteur: Soufiane ELAHMAR<br \/>\n<a href=\"http:\/\/www.mapoujda.ma\/fr\/lenvironnement-et-la-citoyennete-au-centre-dun-forum\/\">Cliquez ici pour lire l&rsquo;article depuis sa source.<\/a><\/p>\n","protected":false},"excerpt":{"rendered":"<p>\u00ab\u00a0Berkane, vers une gouvernance environnementale intelligente\u00a0\u00bb est le th\u00e8me central de la premi\u00e8re \u00e9dition du Forum de l\u2019environnement et de la citoyennet\u00e9 \u00e0 Berkane, dont les travaux se sont ouverts, mardi, au si\u00e8ge de la province. Organis\u00e9 par la Soci\u00e9t\u00e9 de d\u00e9veloppement local (SDL) de Berkane \u00ab\u00a0Marafik Berkane\u00a0\u00bb, sous l\u2019\u00e9gide de la province et avec [&hellip;]<\/p>\n","protected":false},"author":1788,"featured_media":69915,"comment_status":"closed","ping_status":"closed","sticky":false,"template":"","format":"standard","meta":{"fifu_image_url":"","fifu_image_alt":"","footnotes":""},"categories":[54,76],"tags":[],"class_list":["post-69914","post","type-post","status-publish","format-standard","has-post-thumbnail","hentry","category-maroc","category-regions"],"_links":{"self":[{"href":"https:\/\/linitiative.ca\/International\/wp-json\/wp\/v2\/posts\/69914","targetHints":{"allow":["GET"]}}],"collection":[{"href":"https:\/\/linitiative.ca\/International\/wp-json\/wp\/v2\/posts"}],"about":[{"href":"https:\/\/linitiative.ca\/International\/wp-json\/wp\/v2\/types\/post"}],"author":[{"embeddable":true,"href":"https:\/\/linitiative.ca\/International\/wp-json\/wp\/v2\/users\/1788"}],"replies":[{"embeddable":true,"href":"https:\/\/linitiative.ca\/International\/wp-json\/wp\/v2\/comments?post=69914"}],"version-history":[{"count":0,"href":"https:\/\/linitiative.ca\/International\/wp-json\/wp\/v2\/posts\/69914\/revisions"}],"wp:featuredmedia":[{"embeddable":true,"href":"https:\/\/linitiative.ca\/International\/wp-json\/"}],"wp:attachment":[{"href":"https:\/\/linitiative.ca\/International\/wp-json\/wp\/v2\/media?parent=69914"}],"wp:term":[{"taxonomy":"category","embeddable":true,"href":"https:\/\/linitiative.ca\/International\/wp-json\/wp\/v2\/categories?post=69914"},{"taxonomy":"post_tag","embeddable":true,"href":"https:\/\/linitiative.ca\/International\/wp-json\/wp\/v2\/tags?post=69914"}],"curies":[{"name":"wp","href":"https:\/\/api.w.org\/{rel}","templated":true}]}}