{"id":69916,"date":"2019-12-11T10:13:25","date_gmt":"2019-12-11T15:13:25","guid":{"rendered":"https:\/\/linitiative.ca\/International\/rencontre-sur-les-materiaux-avances-et-les-nanosciences\/"},"modified":"2019-12-11T10:13:25","modified_gmt":"2019-12-11T15:13:25","slug":"rencontre-sur-les-materiaux-avances-et-les-nanosciences","status":"publish","type":"post","link":"https:\/\/linitiative.ca\/International\/rencontre-sur-les-materiaux-avances-et-les-nanosciences\/","title":{"rendered":"Rencontre sur les mat\u00e9riaux avanc\u00e9s et les nanosciences"},"content":{"rendered":"<p class=\"c4\">Plus de 350 scientifiques et experts venant de 13 pays participent, du 10 au 13 d\u00e9cembre \u00e0\u00a0Oujda, aux travaux du 1er Congr\u00e8s international sur les mat\u00e9riaux avanc\u00e9s, nanosciences et applications (ICAMANA 2019), plac\u00e9 sous le th\u00e8me \u00abLa recherche et l\u2019innovation des mat\u00e9riaux et nanomat\u00e9riaux, perspectives et nouvelles opportunit\u00e9s\u00bb.<\/p>\n<p class=\"c4\">Cette rencontre scientifique, organis\u00e9e par l\u2019Universit\u00e9 Mohammed Premier (UMP) d\u2019Oujda, l\u2019Universit\u00e9 catholique de Louvain (UCLouvain) et Wallonie-Bruxelles International (WBI), se veut une plateforme de discussion et d\u2019\u00e9change sur les mat\u00e9riaux avanc\u00e9s, d\u2019origine naturelle ou \u00e9labor\u00e9e, et leurs applications pour r\u00e9pondre \u00e0 des besoins sp\u00e9cifiques dans le contexte du d\u00e9veloppement durable.<\/p>\n<p class=\"c4\">Intervenant \u00e0 l\u2019ouverture de cette rencontre, tenue au Campus universitaire de transfert de technologie et d\u2019expertise (CU2TE) d\u2019Oujda, le pr\u00e9sident de l\u2019UMP, Mohamed Benkaddour, a indiqu\u00e9 que cette rencontre est le fruit de la collaboration active entre l\u2019UMP et l\u2019UCLouvain, dans le cadre de la coop\u00e9ration entre le Maroc et la f\u00e9d\u00e9ration de Wallonie-Bruxelles, qui connait une dynamique remarquable dans le domaine de l\u2019enseignement sup\u00e9rieur et de la recherche scientifique.<\/p>\n<p class=\"c4\">L\u2019UMP s\u2019est toujours engag\u00e9e \u00e0 soutenir les projets de recherche qui contribuent et aident au d\u00e9veloppement socio\u00e9conomique dans tous les domaines, allant des sciences exactes aux sciences humaines, a-t-il affirm\u00e9, notant l\u2019importance de la th\u00e9matique de l\u2019ICAMANA, les mat\u00e9riaux avanc\u00e9s \u00e9tant des dispositifs modernes, \u00e9mergents, intelligents et performants qui s\u2019adaptent, dans le cadre du d\u00e9veloppement durable, \u00e0 de nombreuses utilisations technologiques.<\/p>\n<p class=\"c4\">De son c\u00f4t\u00e9, le d\u00e9l\u00e9gu\u00e9 g\u00e9n\u00e9ral de Wallonie-Bruxelles au Maroc, Motonobu Kasajima, a soulign\u00e9 que la recherche\/d\u00e9veloppement dans le domaine des mat\u00e9riaux avanc\u00e9s constitue un centre d\u2019int\u00e9r\u00eat commun pour la Wallonie-Bruxelles et la r\u00e9gion de l\u2019Oriental, soulignant que ce congr\u00e8s international offre l\u2019occasion aux scientifiques, experts et \u00e9tudiants de s\u2019informer sur les derni\u00e8res nouveaut\u00e9s dans ce domaine et d\u2019\u00e9changer les exp\u00e9riences au service de la recherche scientifique.<\/p>\n<p class=\"c4\">Il a \u00e9galement salu\u00e9 la qualit\u00e9 des travaux participant \u00e0 cette premi\u00e8re \u00e9dition de l\u2019ICAMANA 2019, estimant que le succ\u00e8s de cette rencontre incite \u00e0 r\u00e9fl\u00e9chir sur la possibilit\u00e9 de dupliquer cette exp\u00e9rience dans d\u2019autres domaines de la recherche scientifique.<\/p>\n<p class=\"c4\">Cette rencontre a pour objectif d\u2019explorer les progr\u00e8s r\u00e9cents des recherches et innovations des mat\u00e9riaux fonctionnels et innovants dans des domaines d\u2019applications tr\u00e8s vari\u00e9s, comme le stockage de l\u2019\u00e9nergie, la m\u00e9decine, la pharmaceutique, les cosm\u00e9tiques, le textile, l\u2019emballage, les nanomat\u00e9riaux, les nano-composites, les emballages intelligents et les mat\u00e9riaux mol\u00e9culaires et \u00e9lectroniques.<\/p>\n<p class=\"c4\">Des s\u00e9ances de pr\u00e9sentations orales et par affiches donnent l\u2019opportunit\u00e9 aux chercheurs, aux doctorants, aux industriels de pr\u00e9senter leurs travaux sur les nouvelles tendances des mat\u00e9riaux et de leurs applications.<\/p>\n<p class=\"c4\">En parall\u00e8le aux travaux du congr\u00e8s, les participants peuvent assister \u00e0 une \u00e9cole de formation sur les mat\u00e9riaux intelligents (nano-chimie) et les nanomat\u00e9riaux en utilisant des m\u00e9thodes sophistiqu\u00e9es, telle que la spectrom\u00e9trie M\u00f6ssbauer.<\/p>\n<p>Auteur: Soufiane ELAHMAR<br \/>\n<a href=\"http:\/\/www.mapoujda.ma\/fr\/rencontre-sur-les-materiaux-avances-et-les-nanosciences\/\">Cliquez ici pour lire l&rsquo;article depuis sa source.<\/a><\/p>\n","protected":false},"excerpt":{"rendered":"<p>Plus de 350 scientifiques et experts venant de 13 pays participent, du 10 au 13 d\u00e9cembre \u00e0\u00a0Oujda, aux travaux du 1er Congr\u00e8s international sur les mat\u00e9riaux avanc\u00e9s, nanosciences et applications (ICAMANA 2019), plac\u00e9 sous le th\u00e8me \u00abLa recherche et l\u2019innovation des mat\u00e9riaux et nanomat\u00e9riaux, perspectives et nouvelles opportunit\u00e9s\u00bb. Cette rencontre scientifique, organis\u00e9e par l\u2019Universit\u00e9 Mohammed [&hellip;]<\/p>\n","protected":false},"author":1788,"featured_media":0,"comment_status":"closed","ping_status":"closed","sticky":false,"template":"","format":"standard","meta":{"fifu_image_url":"","fifu_image_alt":"","footnotes":""},"categories":[54,76],"tags":[],"class_list":["post-69916","post","type-post","status-publish","format-standard","hentry","category-maroc","category-regions"],"_links":{"self":[{"href":"https:\/\/linitiative.ca\/International\/wp-json\/wp\/v2\/posts\/69916","targetHints":{"allow":["GET"]}}],"collection":[{"href":"https:\/\/linitiative.ca\/International\/wp-json\/wp\/v2\/posts"}],"about":[{"href":"https:\/\/linitiative.ca\/International\/wp-json\/wp\/v2\/types\/post"}],"author":[{"embeddable":true,"href":"https:\/\/linitiative.ca\/International\/wp-json\/wp\/v2\/users\/1788"}],"replies":[{"embeddable":true,"href":"https:\/\/linitiative.ca\/International\/wp-json\/wp\/v2\/comments?post=69916"}],"version-history":[{"count":0,"href":"https:\/\/linitiative.ca\/International\/wp-json\/wp\/v2\/posts\/69916\/revisions"}],"wp:attachment":[{"href":"https:\/\/linitiative.ca\/International\/wp-json\/wp\/v2\/media?parent=69916"}],"wp:term":[{"taxonomy":"category","embeddable":true,"href":"https:\/\/linitiative.ca\/International\/wp-json\/wp\/v2\/categories?post=69916"},{"taxonomy":"post_tag","embeddable":true,"href":"https:\/\/linitiative.ca\/International\/wp-json\/wp\/v2\/tags?post=69916"}],"curies":[{"name":"wp","href":"https:\/\/api.w.org\/{rel}","templated":true}]}}