{"id":69917,"date":"2019-12-10T18:00:00","date_gmt":"2019-12-10T23:00:00","guid":{"rendered":"https:\/\/linitiative.ca\/International\/fibre-optique-la-frontiere-algero-mauritanienne-raccordee\/"},"modified":"2019-12-10T18:00:00","modified_gmt":"2019-12-10T23:00:00","slug":"fibre-optique-la-frontiere-algero-mauritanienne-raccordee","status":"publish","type":"post","link":"https:\/\/linitiative.ca\/International\/fibre-optique-la-frontiere-algero-mauritanienne-raccordee\/","title":{"rendered":"Fibre optique  :  La fronti\u00e8re  alg\u00e9ro-mauritanienne  raccord\u00e9e"},"content":{"rendered":"<p>La ministre de la Poste, des T\u00e9l\u00e9communications, des Technologies et du Num\u00e9rique, Houda-Imane Faraoun, a proc\u00e9d\u00e9, hier \u00e0 Tindouf, \u00e0 l&rsquo;inauguration du projet de raccordement de la fronti\u00e8re\u00a0 alg\u00e9ro-mauritannienne au r\u00e9seau de fibre optique, \u00e0 la faveur de l&rsquo;ach\u00e8vement du dernier tron\u00e7on en fibre optique Tindouf-Poste frontalier K75, d\u2019une distance de 75 km.<br \/>La c\u00e9r\u00e9monie de mise en service de ce c\u00e2ble a eu lieu en pr\u00e9sence des autorit\u00e9s locales, ainsi que du directeur g\u00e9n\u00e9ral d&rsquo;Alg\u00e9rie T\u00e9l\u00e9com (AT), Mohammed Anouar Abdelouahed.<br \/>Mme Faraoun a, par ailleurs, proc\u00e9d\u00e9 \u00e0 la pose de la premi\u00e8re pierre d&rsquo;un projet de r\u00e9alisation d&rsquo;un centre technique d&rsquo;AT au niveau de ce Poste frontalier, une infrastructure qui \u00abfacilitera le raccordement du c\u00e2ble en fibre optique avec les pays voisins et africains\u00bb, a-t-on expliqu\u00e9 aupr\u00e8s d&rsquo;AT.<br \/>Un responsable d&rsquo;AT, Abderraouf Hammouche, a fait savoir que le projet de pose de 75 km de fibre optique entre Tindouf et le poste frontalier K75 \u00aba \u00e9t\u00e9 possible, gr\u00e2ce \u00e0 la mise en service, tout r\u00e9cemment, du r\u00e9seau en fibre optique reliant Adrar \u00e0 Tindouf sur une distance de 1.100 km, via la localit\u00e9 de Chnachen, permettant ainsi de raccorder \u00e0 Internet plusieurs r\u00e9gions recul\u00e9es du pays\u00bb.<br \/>\u00a0<\/p>\n<p>Auteur: elmoudjahid<br \/>\n<a href=\"http:\/\/www.elmoudjahid.com\/fr\/actualites\/145609\">Cliquez ici pour lire l&rsquo;article depuis sa source.<\/a><\/p>\n","protected":false},"excerpt":{"rendered":"<p>La ministre de la Poste, des T\u00e9l\u00e9communications, des Technologies et du Num\u00e9rique, Houda-Imane Faraoun, a proc\u00e9d\u00e9, hier \u00e0 Tindouf, \u00e0 l&rsquo;inauguration du projet de raccordement de la fronti\u00e8re\u00a0 alg\u00e9ro-mauritannienne au r\u00e9seau de fibre optique, \u00e0 la faveur de l&rsquo;ach\u00e8vement du dernier tron\u00e7on en fibre optique Tindouf-Poste frontalier K75, d\u2019une distance de 75 km.La c\u00e9r\u00e9monie de [&hellip;]<\/p>\n","protected":false},"author":1744,"featured_media":0,"comment_status":"closed","ping_status":"closed","sticky":false,"template":"","format":"standard","meta":{"fifu_image_url":"","fifu_image_alt":"","footnotes":""},"categories":[73,53],"tags":[],"class_list":["post-69917","post","type-post","status-publish","format-standard","hentry","category-actualite","category-algerie"],"_links":{"self":[{"href":"https:\/\/linitiative.ca\/International\/wp-json\/wp\/v2\/posts\/69917","targetHints":{"allow":["GET"]}}],"collection":[{"href":"https:\/\/linitiative.ca\/International\/wp-json\/wp\/v2\/posts"}],"about":[{"href":"https:\/\/linitiative.ca\/International\/wp-json\/wp\/v2\/types\/post"}],"author":[{"embeddable":true,"href":"https:\/\/linitiative.ca\/International\/wp-json\/wp\/v2\/users\/1744"}],"replies":[{"embeddable":true,"href":"https:\/\/linitiative.ca\/International\/wp-json\/wp\/v2\/comments?post=69917"}],"version-history":[{"count":0,"href":"https:\/\/linitiative.ca\/International\/wp-json\/wp\/v2\/posts\/69917\/revisions"}],"wp:attachment":[{"href":"https:\/\/linitiative.ca\/International\/wp-json\/wp\/v2\/media?parent=69917"}],"wp:term":[{"taxonomy":"category","embeddable":true,"href":"https:\/\/linitiative.ca\/International\/wp-json\/wp\/v2\/categories?post=69917"},{"taxonomy":"post_tag","embeddable":true,"href":"https:\/\/linitiative.ca\/International\/wp-json\/wp\/v2\/tags?post=69917"}],"curies":[{"name":"wp","href":"https:\/\/api.w.org\/{rel}","templated":true}]}}