{"id":69926,"date":"2019-12-11T15:15:56","date_gmt":"2019-12-11T20:15:56","guid":{"rendered":"https:\/\/linitiative.ca\/International\/international-barca-le-depart-de-carles-alena-quasiment-boucle\/"},"modified":"2019-12-11T15:15:56","modified_gmt":"2019-12-11T20:15:56","slug":"international-barca-le-depart-de-carles-alena-quasiment-boucle","status":"publish","type":"post","link":"https:\/\/linitiative.ca\/International\/international-barca-le-depart-de-carles-alena-quasiment-boucle\/","title":{"rendered":"International : Bar\u00e7a : Le d\u00e9part de Carles Ale\u00f1a quasiment boucl\u00e9"},"content":{"rendered":"<div readability=\"32\">\n<p>Auteur : <span class=\"time\">mercredi 11 d\u00e9cembre 2019 16:00<\/span><\/p>\n<\/div>\n<div id=\"post_core\" readability=\"41\">\n<p>Mais \u00e0 21 ans, Ale\u00f1a ne peut \u00e9videmment pas se contenter de trois bouts de match en une demi-saison et selon Dailymercato, son d\u00e9part hivernal est quasiment acquis. O\u00f9 \u00e7a ? Au Betis S\u00e9ville visiblement, qui serait tout proche de trouver un accord avec le Bar\u00e7a pour un pr\u00eat avec option d&rsquo;achat. Selon la m\u00eame source, ce pr\u00eat devrait comprendre une option de rachat en faveur du Bar\u00e7a dans le cas o\u00f9 le Betis le recruterait d\u00e9finitivement l&rsquo;\u00e9t\u00e9 prochain.\u00a0<\/p>\n<p><strong>Publi\u00e9 dans :<\/strong> <span>bar\u00e7a<\/span> <span>B\u00e9tis<\/span> <span>Carles Alena<\/span><\/p>\n<\/div>\n<p>Auteur:<br \/>\n<a href=\"http:\/\/www.lebuteur.com\/article\/detail?titre=barca-le-depart-de-carles-alena-quasiment-boucle&#038;id=93514&#038;utm_source=feedburner&#038;utm_medium=feed&#038;utm_campaign=Feed%3A+GalerieFArtciles+%28Les+derniers+articles++-+lebuteur.com%29\">Cliquez ici pour lire l&rsquo;article depuis sa source.<\/a><\/p>\n","protected":false},"excerpt":{"rendered":"<p>Auteur : mercredi 11 d\u00e9cembre 2019 16:00 Mais \u00e0 21 ans, Ale\u00f1a ne peut \u00e9videmment pas se contenter de trois bouts de match en une demi-saison et selon Dailymercato, son d\u00e9part hivernal est quasiment acquis. O\u00f9 \u00e7a ? Au Betis S\u00e9ville visiblement, qui serait tout proche de trouver un accord avec le Bar\u00e7a pour un [&hellip;]<\/p>\n","protected":false},"author":1738,"featured_media":69927,"comment_status":"closed","ping_status":"closed","sticky":false,"template":"","format":"standard","meta":{"fifu_image_url":"","fifu_image_alt":"","footnotes":""},"categories":[53,75],"tags":[],"class_list":["post-69926","post","type-post","status-publish","format-standard","has-post-thumbnail","hentry","category-algerie","category-sport"],"_links":{"self":[{"href":"https:\/\/linitiative.ca\/International\/wp-json\/wp\/v2\/posts\/69926","targetHints":{"allow":["GET"]}}],"collection":[{"href":"https:\/\/linitiative.ca\/International\/wp-json\/wp\/v2\/posts"}],"about":[{"href":"https:\/\/linitiative.ca\/International\/wp-json\/wp\/v2\/types\/post"}],"author":[{"embeddable":true,"href":"https:\/\/linitiative.ca\/International\/wp-json\/wp\/v2\/users\/1738"}],"replies":[{"embeddable":true,"href":"https:\/\/linitiative.ca\/International\/wp-json\/wp\/v2\/comments?post=69926"}],"version-history":[{"count":0,"href":"https:\/\/linitiative.ca\/International\/wp-json\/wp\/v2\/posts\/69926\/revisions"}],"wp:featuredmedia":[{"embeddable":true,"href":"https:\/\/linitiative.ca\/International\/wp-json\/"}],"wp:attachment":[{"href":"https:\/\/linitiative.ca\/International\/wp-json\/wp\/v2\/media?parent=69926"}],"wp:term":[{"taxonomy":"category","embeddable":true,"href":"https:\/\/linitiative.ca\/International\/wp-json\/wp\/v2\/categories?post=69926"},{"taxonomy":"post_tag","embeddable":true,"href":"https:\/\/linitiative.ca\/International\/wp-json\/wp\/v2\/tags?post=69926"}],"curies":[{"name":"wp","href":"https:\/\/api.w.org\/{rel}","templated":true}]}}