{"id":69932,"date":"2019-12-11T06:19:20","date_gmt":"2019-12-11T11:19:20","guid":{"rendered":"https:\/\/linitiative.ca\/International\/98797-lfp-une-reunion-prochainement-avec-les-representants-des-clubs-pour-solutionner-les-problemes-financiers\/"},"modified":"2019-12-11T06:19:20","modified_gmt":"2019-12-11T11:19:20","slug":"98797-lfp-une-reunion-prochainement-avec-les-representants-des-clubs-pour-solutionner-les-problemes-financiers","status":"publish","type":"post","link":"https:\/\/linitiative.ca\/International\/98797-lfp-une-reunion-prochainement-avec-les-representants-des-clubs-pour-solutionner-les-problemes-financiers\/","title":{"rendered":"Probl\u00e8mes financiers: le PLF tiendra une r\u00e9union avec les responsables des clubs"},"content":{"rendered":"<div readability=\"38\">\n<p><strong>ALGER- La Ligue de football professionnel (LFP) tiendra prochainement une r\u00e9union avec les responsables et repr\u00e9sentants des clubs de la Ligue 1 et 2 afin de trouver une solution aux probl\u00e8mes financiers auxquels sont confront\u00e9s ces clubs, a-t-on appris aupr\u00e8s de responsables de certaines \u00e9quipes en marge du tirage au sort des 32e et 16e de finale de la Coupe d&rsquo;Alg\u00e9rie 2019-2020 qui s&rsquo;est d\u00e9roul\u00e9, mardi soir, \u00e0 l&rsquo;Ecole sup\u00e9rieure de l&rsquo;h\u00f4tellerie et de restauration d&rsquo;A\u00efn-B\u00e9nian (Alger).<\/strong><\/p>\n<\/div>\n<div readability=\"69.3668547973\">\n<p>Dans ce cadre, le manager g\u00e9n\u00e9ral de l&rsquo;USM El Harrach (Ligue 2), Hadj Kamel a indiqu\u00e9 dans une d\u00e9claration \u00e0 l&rsquo;APS que \u00ab\u00a0la LFP a donn\u00e9 son accord pour la tenue d&rsquo;une r\u00e9union avec les repr\u00e9sentants des clubs souffrant d&rsquo;une crise financi\u00e8re. La r\u00e9union devrait avoir lieu le 19 d\u00e9cembre courant\u00a0\u00bb.<\/p>\n<p>Cette d\u00e9cision a \u00e9t\u00e9 prise \u00e0 l&rsquo;issue d&rsquo;une r\u00e9union d&rsquo;urgence ayant regroup\u00e9, mardi soir, les responsables de 25 clubs activant dans les deux ligues professionnelles de football.\u00a0<\/p>\n<blockquote readability=\"12\">\n<p><strong>\u00ab\u00a0Nous avons demand\u00e9 du pr\u00e9sident de la LFP de tenir une r\u00e9union dans les plus brefs d\u00e9lais afin d&rsquo;examiner les probl\u00e8mes, notamment financiers, auxquels sont confront\u00e9s les clubs\u00a0\u00bb, a-t-il ajout\u00e9, relevant que \u00ab\u00a0des clubs b\u00e9n\u00e9ficient du soutien des entreprises et d&rsquo;autres non. Nous voulons \u00eatre\u00a0sur le m\u00eame pied d&rsquo;\u00e9galit\u00e9 avec les autres clubs\u00a0\u00bb.<\/strong><\/p>\n<\/blockquote>\n<p>\u00ab\u00a0D&rsquo;autres points seront examin\u00e9s lors de cette r\u00e9union, notamment la commission de r\u00e8glement des litiges et le sort des clubs rel\u00e9gu\u00e9s en amateur qui croulent sous les dettes\u00a0\u00bb, a-t-il fait savoir.<\/p>\n<hr\/>\n<p>Lire aussi:\u00a0\u00a0<a href=\"http:\/\/www.aps.dz\/sport\/98609-football-crise-de-gestion-des-clubs-les-premieres-propositions-de-solutions-dans-un-mois\">Football \/ crise de gestion des clubs : les premi\u00e8res propositions de solutions \u00ab\u00a0dans un mois\u00a0\u00bb\u00a0<\/a><\/p>\n<hr\/>\n<p>Pour sa part, le pr\u00e9sident du NC Magra (Ligue 1), Azzedine Bennacer a indiqu\u00e9 que les clubs des deux ligues ont charg\u00e9 des repr\u00e9sentants pour \u00ab\u00a0parler avec le ministre de la Jeunesse et des Sports, Raouf Bernaoui, lequel s&rsquo;est engag\u00e9 \u00e0 r\u00e9gler le probl\u00e8me dans les jours \u00e0 venir, en consacrant des enveloppes financi\u00e8res\u00a0\u00bb.<\/p>\n<blockquote readability=\"8\">\n<p><strong>Plusieurs clubs professionnels souffrent d&rsquo;une s\u00e9v\u00e8re crise financi\u00e8re, notamment concernant le paiement des salaires des joueurs. De nombreuses plaintes concernant ce sujet sont au niveau de la Chambre nationale de r\u00e9solution des litiges (CNRL).<\/strong><\/p>\n<\/blockquote>\n<p>Le montant global des salaires impay\u00e9s aux joueurs des Ligues professionnelles 1 et 2 a \u00e9t\u00e9 \u00e9valu\u00e9 \u00e0 plus de 69,8 milliards de centimes au 1er d\u00e9cembre 2019, selon une estimation de la CNRL.<\/p>\n<\/div>\n<p>Auteur:<br \/>\n<a href=\"http:\/\/www.aps.dz\/sport\/98797-lfp-une-reunion-prochainement-avec-les-representants-des-clubs-pour-solutionner-les-problemes-financiers?utm_source=feedburner&#038;utm_medium=feed&#038;utm_campaign=Feed%3A+aps-sport+%28APS+-+SPORT%29\">Cliquez ici pour lire l&rsquo;article depuis sa source.<\/a><\/p>\n","protected":false},"excerpt":{"rendered":"<p>ALGER- La Ligue de football professionnel (LFP) tiendra prochainement une r\u00e9union avec les responsables et repr\u00e9sentants des clubs de la Ligue 1 et 2 afin de trouver une solution aux probl\u00e8mes financiers auxquels sont confront\u00e9s ces clubs, a-t-on appris aupr\u00e8s de responsables de certaines \u00e9quipes en marge du tirage au sort des 32e et 16e [&hellip;]<\/p>\n","protected":false},"author":1790,"featured_media":0,"comment_status":"closed","ping_status":"closed","sticky":false,"template":"","format":"standard","meta":{"fifu_image_url":"","fifu_image_alt":"","footnotes":""},"categories":[53,75],"tags":[],"class_list":["post-69932","post","type-post","status-publish","format-standard","hentry","category-algerie","category-sport"],"_links":{"self":[{"href":"https:\/\/linitiative.ca\/International\/wp-json\/wp\/v2\/posts\/69932","targetHints":{"allow":["GET"]}}],"collection":[{"href":"https:\/\/linitiative.ca\/International\/wp-json\/wp\/v2\/posts"}],"about":[{"href":"https:\/\/linitiative.ca\/International\/wp-json\/wp\/v2\/types\/post"}],"author":[{"embeddable":true,"href":"https:\/\/linitiative.ca\/International\/wp-json\/wp\/v2\/users\/1790"}],"replies":[{"embeddable":true,"href":"https:\/\/linitiative.ca\/International\/wp-json\/wp\/v2\/comments?post=69932"}],"version-history":[{"count":0,"href":"https:\/\/linitiative.ca\/International\/wp-json\/wp\/v2\/posts\/69932\/revisions"}],"wp:attachment":[{"href":"https:\/\/linitiative.ca\/International\/wp-json\/wp\/v2\/media?parent=69932"}],"wp:term":[{"taxonomy":"category","embeddable":true,"href":"https:\/\/linitiative.ca\/International\/wp-json\/wp\/v2\/categories?post=69932"},{"taxonomy":"post_tag","embeddable":true,"href":"https:\/\/linitiative.ca\/International\/wp-json\/wp\/v2\/tags?post=69932"}],"curies":[{"name":"wp","href":"https:\/\/api.w.org\/{rel}","templated":true}]}}