{"id":69940,"date":"2019-12-11T15:02:00","date_gmt":"2019-12-11T20:02:00","guid":{"rendered":"https:\/\/linitiative.ca\/International\/deuxieme-inscription-tunisienne-sur-la-liste-du-patrimoine-immateriel-le-palmier-dattier\/"},"modified":"2019-12-11T15:02:00","modified_gmt":"2019-12-11T20:02:00","slug":"deuxieme-inscription-tunisienne-sur-la-liste-du-patrimoine-immateriel-le-palmier-dattier","status":"publish","type":"post","link":"https:\/\/linitiative.ca\/International\/deuxieme-inscription-tunisienne-sur-la-liste-du-patrimoine-immateriel-le-palmier-dattier\/","title":{"rendered":"Deuxi\u00e8me inscription Tunisienne sur la liste du patrimoine immat\u00e9riel : le palmier dattier"},"content":{"rendered":"<p><span class=\"c2\">Inscription des\u00a0 \u00ab Connaissances, savoir-faire, traditions et pratiques associ\u00e9s au palmier dattier \u00bb sur la liste repr\u00e9sentative du patrimoine culturel immat\u00e9riel de l\u2019Humanit\u00e9<\/span><\/p>\n<p>Le Comit\u00e9 intergouvernemental de sauvegarde du patrimoine culturel immat\u00e9riel \u00e0 l&rsquo;Organisation des Nations Unies pour l&rsquo;\u00e9ducation, la science et la culture(UNESCO), a d\u00e9cid\u00e9, lors de sa quatorzi\u00e8me r\u00e9union tenue \u00e0 Bogota en Colombie, du 9 au 14 d\u00e9cembre 2019, d&rsquo;inscrire \u00abLe palmier: savoirs, savoir-faire, traditions et pratiques\u00bb sur la Liste repr\u00e9sentative du patrimoine culturel immat\u00e9riel de l&rsquo;humanit\u00e9.<\/p>\n<p class=\"c3\"><img decoding=\"async\" src=\"\/uploads\/FCK_files\/_110803.jpg\" alt=\"\" width=\"100%\" vspace=\"5\" hspace=\"5\" align=\"middle\"\/><\/p>\n<p>Il s&rsquo;agit de la deuxi\u00e8me inscription pour la Tunisie, apr\u00e8s celle de la poterie des femmes de Sejnane, sur la liste du patrimoine culturel immat\u00e9riel de l\u2019Humanit\u00e9 cr\u00e9\u00e9e en vertu de de la Convention de l&rsquo;UNESCO de 2003 sur la protection du patrimoine culturel immat\u00e9riel.<\/p>\n<p class=\"c3\"><img decoding=\"async\" src=\"\/uploads\/FCK_files\/Palmier-1.jpg\" alt=\"\" width=\"100%\" vspace=\"5\" hspace=\"5\" align=\"middle\"\/><\/p>\n<p>Le dossier des \u00ab\u00a0connaissances, savoir-faire, traditions et pratiques associ\u00e9s au palmier dattier\u00a0\u00bb a \u00e9t\u00e9 d\u00e9pos\u00e9 par la Tunisie conjointement avec treize \u00c9tats de la r\u00e9gion arabe.<br \/>Dans cette d\u00e9cision d\u2019inscription, l\u2019UNESCO f\u00e9licite les quatorze \u00c9tats parties pour cette initiative exemplaire de collaboration r\u00e9gionale entre des pays partageant un patrimoine culturel similaire, en reconnaissant la complexit\u00e9 de cette d\u00e9marche et son importance pour la r\u00e9gion arabe.<\/p>\n<p class=\"c3\"><img decoding=\"async\" src=\"\/uploads\/FCK_files\/20191211_113312.jpg\" alt=\"\" width=\"100%\" vspace=\"5\" hspace=\"5\" align=\"middle\"\/><\/p>\n<p>L\u2019UNESCO reconnait dans cette d\u00e9cision que le palmier-dattier est l&rsquo;arbre le plus embl\u00e9matique pour les Etats de la r\u00e9gion qui constitue un des principaux facteurs d\u2019unit\u00e9 culturelle dans le monde arabe.<\/p>\n<p>L\u2019inscription du \u00abpalmier: savoirs, savoir-faire, traditions et pratiques\u00bb sur la liste repr\u00e9sentative du patrimoine culturel immat\u00e9riel de l&rsquo;humanit\u00e9 aupr\u00e8s de l&rsquo;UNESCO vise \u00e0 sensibiliser davantage de son importance incontournable aussi bien culturelle qu&rsquo;\u00e9conomique et permet la pr\u00e9servation du palmier ainsi que la valorisation de notre richesse agricole et contribuera \u00e0 la visibilit\u00e9 de cet \u00e9l\u00e9ment en particulier, et le patrimoine culturel immat\u00e9riel en g\u00e9n\u00e9ral.<br \/>\u00a0<\/p>\n<p>Auteur:<br \/>\n<a href=\"https:\/\/www.leaders.com.tn\/article\/28608-deuxieme-inscription-tunisienne-sur-la-liste-du-patrimoine-immateriel-le-palmier-dattier\">Cliquez ici pour lire l&rsquo;article depuis sa source.<\/a><\/p>\n","protected":false},"excerpt":{"rendered":"<p>Inscription des\u00a0 \u00ab Connaissances, savoir-faire, traditions et pratiques associ\u00e9s au palmier dattier \u00bb sur la liste repr\u00e9sentative du patrimoine culturel immat\u00e9riel de l\u2019Humanit\u00e9 Le Comit\u00e9 intergouvernemental de sauvegarde du patrimoine culturel immat\u00e9riel \u00e0 l&rsquo;Organisation des Nations Unies pour l&rsquo;\u00e9ducation, la science et la culture(UNESCO), a d\u00e9cid\u00e9, lors de sa quatorzi\u00e8me r\u00e9union tenue \u00e0 Bogota en [&hellip;]<\/p>\n","protected":false},"author":1772,"featured_media":69941,"comment_status":"closed","ping_status":"closed","sticky":false,"template":"","format":"standard","meta":{"fifu_image_url":"","fifu_image_alt":"","footnotes":""},"categories":[73,55],"tags":[],"class_list":["post-69940","post","type-post","status-publish","format-standard","has-post-thumbnail","hentry","category-actualite","category-tunisie"],"_links":{"self":[{"href":"https:\/\/linitiative.ca\/International\/wp-json\/wp\/v2\/posts\/69940","targetHints":{"allow":["GET"]}}],"collection":[{"href":"https:\/\/linitiative.ca\/International\/wp-json\/wp\/v2\/posts"}],"about":[{"href":"https:\/\/linitiative.ca\/International\/wp-json\/wp\/v2\/types\/post"}],"author":[{"embeddable":true,"href":"https:\/\/linitiative.ca\/International\/wp-json\/wp\/v2\/users\/1772"}],"replies":[{"embeddable":true,"href":"https:\/\/linitiative.ca\/International\/wp-json\/wp\/v2\/comments?post=69940"}],"version-history":[{"count":0,"href":"https:\/\/linitiative.ca\/International\/wp-json\/wp\/v2\/posts\/69940\/revisions"}],"wp:featuredmedia":[{"embeddable":true,"href":"https:\/\/linitiative.ca\/International\/wp-json\/"}],"wp:attachment":[{"href":"https:\/\/linitiative.ca\/International\/wp-json\/wp\/v2\/media?parent=69940"}],"wp:term":[{"taxonomy":"category","embeddable":true,"href":"https:\/\/linitiative.ca\/International\/wp-json\/wp\/v2\/categories?post=69940"},{"taxonomy":"post_tag","embeddable":true,"href":"https:\/\/linitiative.ca\/International\/wp-json\/wp\/v2\/tags?post=69940"}],"curies":[{"name":"wp","href":"https:\/\/api.w.org\/{rel}","templated":true}]}}