{"id":69942,"date":"2019-12-11T05:00:00","date_gmt":"2019-12-11T10:00:00","guid":{"rendered":"https:\/\/linitiative.ca\/International\/ettiki\/"},"modified":"2019-12-11T05:00:00","modified_gmt":"2019-12-11T10:00:00","slug":"ettiki","status":"publish","type":"post","link":"https:\/\/linitiative.ca\/International\/ettiki\/","title":{"rendered":"Ettiki !"},"content":{"rendered":"<p class=\"c3\">Imagine un peu ! Bouchouareb et Khelil dans le m\u00eame avion. Le \u2026<\/p>\n<p class=\"c3\"><em><strong>\u2026 vol du si\u00e8cle !\u00a0<\/strong><\/em><\/p>\n<p class=\"c3\">J\u2019ai lu que des d\u00e9put\u00e9s \u00absans \u00e9tiquette\u00bb ont vivement d\u00e9nonc\u00e9 les derni\u00e8res d\u00e9clarations et r\u00e9solutions europ\u00e9ennes. On ne peut rester indiff\u00e9rent face \u00e0 l\u2019initiative de ces d\u00e9put\u00e9s \u00absans \u00e9tiquette\u00bb. Pour diverses raisons, mais dont la plus importante me semble celle de leur statut. Sans \u00e9tiquette ! Mon Dieu si ce n\u2019est pas malheureux ! En 2019, des d\u00e9put\u00e9s sans aucune \u00e9tiquette ! D\u2019abord, avant d\u2019entamer quoi que ce soit pour leur venir en aide, il faut bien v\u00e9rifier que ces compatriotes-d\u00e9put\u00e9s n\u2019ont r\u00e9ellement pas d\u2019\u00e9tiquette. Ya Sidi, ne serait-ce qu\u2019une petite, cousue dans le revers d\u2019un col ou sur une manche. M\u00eame d\u00e9lav\u00e9e, repass\u00e9e et difficile \u00e0 lire. \u00c7a suffira ! Attention ! Souvent, on se dit que l\u2019\u00e9tiquette, ce n\u2019est rien, juste un point de d\u00e9tail, un gadget ! J\u2019en connais m\u00eame qui les d\u00e9coupent syst\u00e9matiquement au ciseau, \u00e0 peine le v\u00eatement achet\u00e9. M\u2019enfin ! Et la tra\u00e7abilit\u00e9 de l\u2019habit, hein ? Comment savoir en quelle mati\u00e8re v\u00e9ritable il est fait ? De quelle marque il est. Dans quel pays il a \u00e9t\u00e9 confectionn\u00e9 ? Ont-ils seulement conscience, ces compatriotes-d\u00e9put\u00e9s-sans-\u00e9tiquette que de vastes trafics d\u2019enfants et d\u2019asservissement au travail de mineurs ont pu \u00eatre d\u00e9mantel\u00e9s gr\u00e2ce aux \u2026 \u00e9tiquettes ? Eh oui ! Plus terre \u00e0 terre encore. Si la ou le d\u00e9put\u00e9 se perd, s\u2019\u00e9gare dans la rue, ou plus loin, dans la jungle urbaine, on peut toujours partir \u00e0 sa recherche sur la base d\u2019indices probants. Et l\u2019\u00e9tiquette fait partie des indices probants ! Non, je ne me prends pas pour un enqu\u00eateur. Non, je ne cherche pas \u00e0 fliquer et \u00e0 ficher tous les d\u00e9put\u00e9s. Je dis juste qu\u2019une \u00e9tiquette, \u00e7a peut toujours servir ! Mais non, je ne vais pas exiger des compatriotes-d\u00e9put\u00e9s qu\u2019ils retournent tous leurs vestes pour v\u00e9rifier s\u2019ils portent bien une \u00e9tiquette sur leur habit. Allons ! Allons ! Ce n\u2019est pas mon boulot de leur faire retourner la veste. S\u2019ils le souhaitent, ils sont assez grands pour le faire tout seuls, sans qu\u2019on les y contraigne. J\u2019\u00e9mets juste l\u2019hypoth\u00e8se qu\u2019une \u00e9tiquette, ce n\u2019est pas qu\u2019un ornement, une coquetterie de manufacture. \u00c7a peut m\u00eame s\u2019av\u00e9rer extr\u00eamement utile. Les jours de grands d\u00e9fil\u00e9s ! Je fume du th\u00e9 \u00e9tiquet\u00e9 \u00abcommerce \u00e9quitable\u00bb et je reste \u00e9veill\u00e9, le cauchemar made in D\u00e9z\u00e9die continue.<br \/><em><strong>H. L.<\/strong><\/em><\/p>\n<p>Auteur:<br \/>\n<a href=\"https:\/\/www.lesoirdalgerie.com\/pousse-avec-eux\/ettiki-35074\">Cliquez ici pour lire l&rsquo;article depuis sa source.<\/a><\/p>\n","protected":false},"excerpt":{"rendered":"<p>Imagine un peu ! Bouchouareb et Khelil dans le m\u00eame avion. Le \u2026 \u2026 vol du si\u00e8cle !\u00a0 J\u2019ai lu que des d\u00e9put\u00e9s \u00absans \u00e9tiquette\u00bb ont vivement d\u00e9nonc\u00e9 les derni\u00e8res d\u00e9clarations et r\u00e9solutions europ\u00e9ennes. On ne peut rester indiff\u00e9rent face \u00e0 l\u2019initiative de ces d\u00e9put\u00e9s \u00absans \u00e9tiquette\u00bb. Pour diverses raisons, mais dont la plus importante [&hellip;]<\/p>\n","protected":false},"author":1741,"featured_media":0,"comment_status":"closed","ping_status":"closed","sticky":false,"template":"","format":"standard","meta":{"fifu_image_url":"","fifu_image_alt":"","footnotes":""},"categories":[73,53],"tags":[],"class_list":["post-69942","post","type-post","status-publish","format-standard","hentry","category-actualite","category-algerie"],"_links":{"self":[{"href":"https:\/\/linitiative.ca\/International\/wp-json\/wp\/v2\/posts\/69942","targetHints":{"allow":["GET"]}}],"collection":[{"href":"https:\/\/linitiative.ca\/International\/wp-json\/wp\/v2\/posts"}],"about":[{"href":"https:\/\/linitiative.ca\/International\/wp-json\/wp\/v2\/types\/post"}],"author":[{"embeddable":true,"href":"https:\/\/linitiative.ca\/International\/wp-json\/wp\/v2\/users\/1741"}],"replies":[{"embeddable":true,"href":"https:\/\/linitiative.ca\/International\/wp-json\/wp\/v2\/comments?post=69942"}],"version-history":[{"count":0,"href":"https:\/\/linitiative.ca\/International\/wp-json\/wp\/v2\/posts\/69942\/revisions"}],"wp:attachment":[{"href":"https:\/\/linitiative.ca\/International\/wp-json\/wp\/v2\/media?parent=69942"}],"wp:term":[{"taxonomy":"category","embeddable":true,"href":"https:\/\/linitiative.ca\/International\/wp-json\/wp\/v2\/categories?post=69942"},{"taxonomy":"post_tag","embeddable":true,"href":"https:\/\/linitiative.ca\/International\/wp-json\/wp\/v2\/tags?post=69942"}],"curies":[{"name":"wp","href":"https:\/\/api.w.org\/{rel}","templated":true}]}}