{"id":69945,"date":"2019-12-11T13:40:02","date_gmt":"2019-12-11T18:40:02","guid":{"rendered":"https:\/\/linitiative.ca\/International\/conseil-des-ministres-deux-projets-de-loi-adoptes\/"},"modified":"2019-12-11T13:40:02","modified_gmt":"2019-12-11T18:40:02","slug":"conseil-des-ministres-deux-projets-de-loi-adoptes","status":"publish","type":"post","link":"https:\/\/linitiative.ca\/International\/conseil-des-ministres-deux-projets-de-loi-adoptes\/","title":{"rendered":"Conseil des ministres : deux projets de loi adopt\u00e9s"},"content":{"rendered":"<p><strong>L\u2019un des projets de loi concerne la nomination aux hautes fonctions, tandis que l\u2019autre est relatif au contr\u00f4le de l\u2019exportation et de l\u2019importation des biens \u00e0 double usage.<\/strong><\/p>\n<div class=\"c10\"\/>\n<p>SM le roi Mohammed VI a pr\u00e9sid\u00e9, mercredi au Palais Royal \u00e0 Rabat, un Conseil des ministres au cours duquel deux projets de loi et de deux conventions internationales ont \u00e9t\u00e9 adopt\u00e9es.<\/p>\n<p>Le premier <strong>projet de loi<\/strong> organique adopt\u00e9 compl\u00e8te la loi organique relative \u00e0 la nomination aux hautes fonctions. Il a \u00e9t\u00e9 approuv\u00e9 conform\u00e9ment aux dispositions des articles 49 et 92 de la Constitution. Ce projet vise \u00e0 ajouter \u00e0 la liste des \u00e9tablissements publics et des hautes fonctions publiques dont les nominations sont examin\u00e9es au sein du Conseil du gouvernement, \u00ab\u00a0l\u2019Agence nationale des \u00e9quipements publics\u00a0\u00bb, ainsi que les \u00ab\u00a0chefs des repr\u00e9sentations administratives r\u00e9gionales sectorielles\u00a0\u00bb et les \u00ab\u00a0chefs des repr\u00e9sentations administratives r\u00e9gionales communes\u00a0\u00bb, stipul\u00e9s par le d\u00e9cret portant Charte nationale de la d\u00e9concentration administrative.<\/p>\n<p>Lire aussi : <a href=\"https:\/\/www.challenge.ma\/ambassadeurs-et-service-militaire-au-menu-du-conseil-des-ministres-104517\/\" target=\"_blank\" rel=\"noreferrer noopener\" aria-label=\"Ambassadeurs et service militaire au menu du conseil des ministres (s\u2019ouvre dans un nouvel onglet)\">Ambassadeurs et service militaire au menu du conseil des ministres<\/a><\/p>\n<p>Le <strong>Conseil des ministres<\/strong> a \u00e9galement approuv\u00e9 un projet de loi relatif au contr\u00f4le de l\u2019exportation et de l\u2019importation des biens \u00e0 double usage, civil et militaire, et des services qui leur sont li\u00e9s. Le projet vise ainsi \u00e0 fixer le r\u00e9gime appliqu\u00e9 \u00e0 l\u2019exportation et l\u2019importation de ces biens et des services qui leur sont li\u00e9s, \u00e0 l\u2019exception de ceux r\u00e9serv\u00e9s \u00e0 la D\u00e9fense Nationale, ainsi que le r\u00e9gime d\u2019autorisation relatif \u00e0 l\u2019exportation, l\u2019importation, le transit, le contr\u00f4le, l\u2019identification des infractions et la fixation des engagements des exportateurs et importateurs.<\/p>\n<p>Le Conseil a \u00e9galement approuv\u00e9 deux projets de conventions multipartites, appuy\u00e9s par deux projets de loi. Il s\u2019agit d\u2019une <strong>Convention multipartite<\/strong> pour la mise en \u0153uvre des mesures relatives aux conventions fiscales pour pr\u00e9venir l\u2019\u00e9rosion de l\u2019assiette fiscale et le transfert de b\u00e9n\u00e9fices, ainsi que d\u2019une convention multipartite entre les autorit\u00e9s comp\u00e9tentes en mati\u00e8re d\u2019\u00e9change de renseignements fiscaux concernant chaque pays.<\/p>\n<div class=\"c17\">\n<fieldset class=\"c16\">\n<legend><strong><span class=\"c11\">Challenge<\/span><span class=\"c12\">news<\/span><\/strong><\/legend>\n<div class=\"c15\">Le meilleur de Challenge s\u00e9lectionn\u00e9 par la r\u00e9daction :<\/p>\n<\/div>\n<\/fieldset>\n<\/div>\n<p>Auteur: challenge<br \/>\n<a href=\"https:\/\/www.challenge.ma\/conseil-des-ministres-deux-projets-de-loi-adoptes-125402\/\">Cliquez ici pour lire l&rsquo;article depuis sa source.<\/a><\/p>\n","protected":false},"excerpt":{"rendered":"<p>L\u2019un des projets de loi concerne la nomination aux hautes fonctions, tandis que l\u2019autre est relatif au contr\u00f4le de l\u2019exportation et de l\u2019importation des biens \u00e0 double usage. SM le roi Mohammed VI a pr\u00e9sid\u00e9, mercredi au Palais Royal \u00e0 Rabat, un Conseil des ministres au cours duquel deux projets de loi et de deux [&hellip;]<\/p>\n","protected":false},"author":1787,"featured_media":0,"comment_status":"closed","ping_status":"closed","sticky":false,"template":"","format":"standard","meta":{"fifu_image_url":"","fifu_image_alt":"","footnotes":""},"categories":[78,54],"tags":[],"class_list":["post-69945","post","type-post","status-publish","format-standard","hentry","category-economie","category-maroc"],"_links":{"self":[{"href":"https:\/\/linitiative.ca\/International\/wp-json\/wp\/v2\/posts\/69945","targetHints":{"allow":["GET"]}}],"collection":[{"href":"https:\/\/linitiative.ca\/International\/wp-json\/wp\/v2\/posts"}],"about":[{"href":"https:\/\/linitiative.ca\/International\/wp-json\/wp\/v2\/types\/post"}],"author":[{"embeddable":true,"href":"https:\/\/linitiative.ca\/International\/wp-json\/wp\/v2\/users\/1787"}],"replies":[{"embeddable":true,"href":"https:\/\/linitiative.ca\/International\/wp-json\/wp\/v2\/comments?post=69945"}],"version-history":[{"count":0,"href":"https:\/\/linitiative.ca\/International\/wp-json\/wp\/v2\/posts\/69945\/revisions"}],"wp:attachment":[{"href":"https:\/\/linitiative.ca\/International\/wp-json\/wp\/v2\/media?parent=69945"}],"wp:term":[{"taxonomy":"category","embeddable":true,"href":"https:\/\/linitiative.ca\/International\/wp-json\/wp\/v2\/categories?post=69945"},{"taxonomy":"post_tag","embeddable":true,"href":"https:\/\/linitiative.ca\/International\/wp-json\/wp\/v2\/tags?post=69945"}],"curies":[{"name":"wp","href":"https:\/\/api.w.org\/{rel}","templated":true}]}}