{"id":69947,"date":"2019-12-11T17:07:03","date_gmt":"2019-12-11T22:07:03","guid":{"rendered":"https:\/\/linitiative.ca\/International\/mango-negocie-son-retour-au-maroc\/"},"modified":"2019-12-11T17:07:03","modified_gmt":"2019-12-11T22:07:03","slug":"mango-negocie-son-retour-au-maroc","status":"publish","type":"post","link":"https:\/\/linitiative.ca\/International\/mango-negocie-son-retour-au-maroc\/","title":{"rendered":"Mango n\u00e9gocie son retour au Maroc"},"content":{"rendered":"<p><strong>L\u2019entreprise espagnole est en pourparlers avec le groupe maltais Hudson pour ouvrir des magasins dans les principales villes du royaume.<\/strong><\/p>\n<div class=\"c10\"\/>\n<p>La soci\u00e9t\u00e9 espagnole Mango, l\u2019un des plus grands d\u00e9taillants europ\u00e9ens, sp\u00e9cialis\u00e9e dans la conception, la fabrication et \u00e0 la commercialisation via des franchises de v\u00eatements et accessoires pour femmes, hommes et enfants envisage son retour au Maroc avec le groupe maltais Hudson, pour d\u00e9velopper un r\u00e9seau de magasins dans le pays, rapporte ce mercredi le site sp\u00e9cialis\u00e9 dans la mode mds citant des sources de l\u2019enseigne espagnole.<\/p>\n<p>La soci\u00e9t\u00e9 dirig\u00e9e par Isak Andic \u00e9tait pr\u00e9sente au <strong>Maroc<\/strong> avec un autre partenaire. Le nouvel accord consistera \u00e0 ouvrir des magasins Mango dans les principales villes du pays, dont Casablanca, F\u00e8s, Tanger et Marrakech. Mango a d\u00e9barqu\u00e9 dans un autre pays africain, l\u2019Angola, o\u00f9 elle a ouvert son premier magasin \u00e0 Luanda. La soci\u00e9t\u00e9 pr\u00e9voit \u00e9galement une nouvelle ouverture dans la capitale angolaise et une autre en Afrique du Sud en 2020. Mango compte 51 magasins en Afrique, r\u00e9partis dans treize pays.<\/p>\n<p>Avec une pr\u00e9sence au total dans 110 pays dans le monde, <strong>Mango<\/strong> dispose d\u2019un r\u00e9seau commercial de 817.000 m\u00e8tres carr\u00e9s. Les plans de la soci\u00e9t\u00e9 pour 2020 sont de poursuivre l\u2019expansion de son terrain commercial, ajoutant entre 30.000 m\u00e8tres carr\u00e9s et 40.000 m\u00e8tres carr\u00e9s l\u2019ann\u00e9e prochaine.<\/p>\n<p><strong>Hudson<\/strong> est un groupe sp\u00e9cialis\u00e9 dans la distribution de marques de mode et de sport. La soci\u00e9t\u00e9 a \u00e9t\u00e9 fond\u00e9e en 2006, bien que ses origines remontent \u00e0 1987, lorsque la premi\u00e8re paire de chaussures Nike a \u00e9t\u00e9 vendue \u00e0 Malte.<\/p>\n<div class=\"c17\">\n<fieldset class=\"c16\">\n<legend><strong><span class=\"c11\">Challenge<\/span><span class=\"c12\">news<\/span><\/strong><\/legend>\n<div class=\"c15\">Le meilleur de Challenge s\u00e9lectionn\u00e9 par la r\u00e9daction :<\/p>\n<\/div>\n<\/fieldset>\n<\/div>\n<p>Auteur: Noureddine Boughanmi<br \/>\n<a href=\"https:\/\/www.challenge.ma\/mango-negocie-son-retour-au-maroc-125410\/\">Cliquez ici pour lire l&rsquo;article depuis sa source.<\/a><\/p>\n","protected":false},"excerpt":{"rendered":"<p>L\u2019entreprise espagnole est en pourparlers avec le groupe maltais Hudson pour ouvrir des magasins dans les principales villes du royaume. La soci\u00e9t\u00e9 espagnole Mango, l\u2019un des plus grands d\u00e9taillants europ\u00e9ens, sp\u00e9cialis\u00e9e dans la conception, la fabrication et \u00e0 la commercialisation via des franchises de v\u00eatements et accessoires pour femmes, hommes et enfants envisage son retour [&hellip;]<\/p>\n","protected":false},"author":1787,"featured_media":0,"comment_status":"closed","ping_status":"closed","sticky":false,"template":"","format":"standard","meta":{"fifu_image_url":"","fifu_image_alt":"","footnotes":""},"categories":[78,54],"tags":[],"class_list":["post-69947","post","type-post","status-publish","format-standard","hentry","category-economie","category-maroc"],"_links":{"self":[{"href":"https:\/\/linitiative.ca\/International\/wp-json\/wp\/v2\/posts\/69947","targetHints":{"allow":["GET"]}}],"collection":[{"href":"https:\/\/linitiative.ca\/International\/wp-json\/wp\/v2\/posts"}],"about":[{"href":"https:\/\/linitiative.ca\/International\/wp-json\/wp\/v2\/types\/post"}],"author":[{"embeddable":true,"href":"https:\/\/linitiative.ca\/International\/wp-json\/wp\/v2\/users\/1787"}],"replies":[{"embeddable":true,"href":"https:\/\/linitiative.ca\/International\/wp-json\/wp\/v2\/comments?post=69947"}],"version-history":[{"count":0,"href":"https:\/\/linitiative.ca\/International\/wp-json\/wp\/v2\/posts\/69947\/revisions"}],"wp:attachment":[{"href":"https:\/\/linitiative.ca\/International\/wp-json\/wp\/v2\/media?parent=69947"}],"wp:term":[{"taxonomy":"category","embeddable":true,"href":"https:\/\/linitiative.ca\/International\/wp-json\/wp\/v2\/categories?post=69947"},{"taxonomy":"post_tag","embeddable":true,"href":"https:\/\/linitiative.ca\/International\/wp-json\/wp\/v2\/tags?post=69947"}],"curies":[{"name":"wp","href":"https:\/\/api.w.org\/{rel}","templated":true}]}}