{"id":69948,"date":"2019-12-11T17:00:26","date_gmt":"2019-12-11T22:00:26","guid":{"rendered":"https:\/\/linitiative.ca\/International\/tunisie-des-deputes-demandent-la-tete-de-rene-trabelsi\/"},"modified":"2019-12-11T17:00:26","modified_gmt":"2019-12-11T22:00:26","slug":"tunisie-des-deputes-demandent-la-tete-de-rene-trabelsi","status":"publish","type":"post","link":"https:\/\/linitiative.ca\/International\/tunisie-des-deputes-demandent-la-tete-de-rene-trabelsi\/","title":{"rendered":"Tunisie \u2013 Des d\u00e9put\u00e9s demandent la t\u00eate de Ren\u00e9 Trabelsi"},"content":{"rendered":"<div class=\"post-cont-in left relative\">\n<div class=\"swp_social_panel swp_horizontal_panel swp_flat_fresh swp_default_full_color swp_individual_full_color swp_other_full_color scale-100 scale-\" data-min-width=\"1100\" data-float-color=\"#ffffff\" data-float=\"none\" data-float-mobile=\"none\" data-transition=\"slide\">\n<div class=\"nc_tweetContainer swp_share_button total_shares total_sharesalt\"><span class=\"swp_count\">1 <span class=\"swp_label\">Partages<\/span><\/span><\/div>\n<\/div>\n<p>Les d\u00e9put\u00e9s des blocs d\u2019Al Karama et d\u2019Errahma, sont en train de faire des pressions sur le chef du gouvernement, Habib Jemli, et du chantage au vote, pour qu\u2019il ne maintienne pas, en poste, l\u2019actuel ministre du tourisme Ren\u00e9 Trabelsi.<\/p>\n<div class=\"code-block code-block-1 c3\"><ins class=\"adsbygoogle c2\" data-ad-layout=\"in-article\" data-ad-format=\"fluid\" data-ad-client=\"ca-pub-2102118777505746\" data-ad-slot=\"7301775417\"\/> <\/div>\n<p>Ces extr\u00e9mistes aveugl\u00e9s par une haine sans aucun fondement, et qui ne sont pas suffisamment instruits pour faire la diff\u00e9rence entre un tunisien de confession juive et un isra\u00e9lien sioniste, sont pr\u00eats \u00e0 sacrifier celui qui est d\u00e9crit comme \u00e9tant le ministre qui a r\u00e9ussi le plus dans son d\u00e9partement, et \u00e0 d\u00e9truire une grande partie de l\u2019\u00e9conomie nationale qui se base sur le tourisme, et que Ren\u00e9 Trablesi a eu le m\u00e9rite de redresser, un tant soit peu, \u00e0 force de travail et de contacts, rien que pour montrer \u00e0 tout le monde, qu\u2019ils sont, soi-disant, des fervents d\u00e9fenseurs de la cause palestinienne, et qu\u2019ils sont contre la normalisation avec l\u2019Etat h\u00e9breux.<\/p>\n<p>Et ce qui est malheureux, c\u2019est que ces individus sont des repr\u00e9sentants du peuple, \u00e9lus par une poign\u00e9e de cr\u00e9dules, et qu\u2019ils sont capable de parvenir \u00e0 leurs desseins, gr\u00e2ce \u00e0 la pression op\u00e9r\u00e9e, notamment avec les \u00e9quilibres tr\u00e8s instables que cherche \u00e0 \u00e9tablir Habib Jemli, en l\u2019absence d\u2019un fort soutien politique.<\/p>\n<p><strong>Que se passe-t-il en Tunisie?<\/strong><br \/>Nous expliquons sur notre <a href=\"https:\/\/www.youtube.com\/channel\/UCRzypVq0B_yBad5eGrwBx0Q?sub_confirmation=1\" target=\"_blank\" rel=\"noopener noreferrer\">cha\u00eene YouTube<\/a> . <a href=\"https:\/\/www.youtube.com\/channel\/UCRzypVq0B_yBad5eGrwBx0Q?sub_confirmation=1\" target=\"_blank\" rel=\"noopener noreferrer\">Abonnez-vous!<\/a><\/p>\n<div class=\"mvp-org-wrap mvp-org-logo\" itemprop=\"publisher\" itemscope=\"\" itemtype=\"https:\/\/schema.org\/Organization\"><img decoding=\"async\" src=\"https:\/\/www.tunisienumerique.com\/wp-content\/uploads\/2017\/02\/logo_tunisie_numerique.png\"\/><\/div>\n<div class=\"swp_social_panel swp_horizontal_panel swp_flat_fresh swp_default_full_color swp_individual_full_color swp_other_full_color scale-100 scale-\" data-min-width=\"1100\" data-float-color=\"#ffffff\" data-float=\"none\" data-float-mobile=\"none\" data-transition=\"slide\">\n<div class=\"nc_tweetContainer swp_share_button total_shares total_sharesalt\"><span class=\"swp_count\">1 <span class=\"swp_label\">Partages<\/span><\/span><\/div>\n<\/div>\n<div class=\"mvp-related-posts left relative\">\n<h4 class=\"post-header\"><span class=\"post-header\">Lire aussi<\/span><\/h4>\n<\/div>\n<\/div>\n<p>Auteur: Ramsis<br \/>\n<a href=\"https:\/\/www.tunisienumerique.com\/tunisie-des-deputes-demandent-la-tete-de-rene-trabelsi\/\">Cliquez ici pour lire l&rsquo;article depuis sa source.<\/a><\/p>\n","protected":false},"excerpt":{"rendered":"<p>1 Partages Les d\u00e9put\u00e9s des blocs d\u2019Al Karama et d\u2019Errahma, sont en train de faire des pressions sur le chef du gouvernement, Habib Jemli, et du chantage au vote, pour qu\u2019il ne maintienne pas, en poste, l\u2019actuel ministre du tourisme Ren\u00e9 Trabelsi. Ces extr\u00e9mistes aveugl\u00e9s par une haine sans aucun fondement, et qui ne sont [&hellip;]<\/p>\n","protected":false},"author":1789,"featured_media":69949,"comment_status":"closed","ping_status":"closed","sticky":false,"template":"","format":"standard","meta":{"fifu_image_url":"","fifu_image_alt":"","footnotes":""},"categories":[73,55],"tags":[],"class_list":["post-69948","post","type-post","status-publish","format-standard","has-post-thumbnail","hentry","category-actualite","category-tunisie"],"_links":{"self":[{"href":"https:\/\/linitiative.ca\/International\/wp-json\/wp\/v2\/posts\/69948","targetHints":{"allow":["GET"]}}],"collection":[{"href":"https:\/\/linitiative.ca\/International\/wp-json\/wp\/v2\/posts"}],"about":[{"href":"https:\/\/linitiative.ca\/International\/wp-json\/wp\/v2\/types\/post"}],"author":[{"embeddable":true,"href":"https:\/\/linitiative.ca\/International\/wp-json\/wp\/v2\/users\/1789"}],"replies":[{"embeddable":true,"href":"https:\/\/linitiative.ca\/International\/wp-json\/wp\/v2\/comments?post=69948"}],"version-history":[{"count":0,"href":"https:\/\/linitiative.ca\/International\/wp-json\/wp\/v2\/posts\/69948\/revisions"}],"wp:featuredmedia":[{"embeddable":true,"href":"https:\/\/linitiative.ca\/International\/wp-json\/"}],"wp:attachment":[{"href":"https:\/\/linitiative.ca\/International\/wp-json\/wp\/v2\/media?parent=69948"}],"wp:term":[{"taxonomy":"category","embeddable":true,"href":"https:\/\/linitiative.ca\/International\/wp-json\/wp\/v2\/categories?post=69948"},{"taxonomy":"post_tag","embeddable":true,"href":"https:\/\/linitiative.ca\/International\/wp-json\/wp\/v2\/tags?post=69948"}],"curies":[{"name":"wp","href":"https:\/\/api.w.org\/{rel}","templated":true}]}}