{"id":69952,"date":"2019-12-11T14:15:36","date_gmt":"2019-12-11T19:15:36","guid":{"rendered":"https:\/\/linitiative.ca\/International\/69952-2\/"},"modified":"2019-12-11T14:15:36","modified_gmt":"2019-12-11T19:15:36","slug":"69952-2","status":"publish","type":"post","link":"https:\/\/linitiative.ca\/International\/69952-2\/","title":{"rendered":""},"content":{"rendered":"<div class=\"featured-area featured-area-inner\"><img loading=\"lazy\" decoding=\"async\" width=\"780\" height=\"436\" src=\"http:\/\/lepays.bf\/wp-content\/uploads\/2017\/07\/lepaysresponsive.png\" class=\"attachment-jannah-image-post default-featured-img\" alt=\"\" srcset=\"http:\/\/lepays.bf\/wp-content\/uploads\/2017\/07\/lepaysresponsive.png 1137w, http:\/\/lepays.bf\/wp-content\/uploads\/2017\/07\/lepaysresponsive-300x168.png 300w, http:\/\/lepays.bf\/wp-content\/uploads\/2017\/07\/lepaysresponsive-768x430.png 768w, http:\/\/lepays.bf\/wp-content\/uploads\/2017\/07\/lepaysresponsive-1024x573.png 1024w\" sizes=\"auto, (max-width: 780px) 100vw, 780px\"\/><\/div>\n<div class=\"entry-content entry clearfix\" readability=\"56\">\n<div class=\"stream-item stream-item-above-post-content\">\n<p><noscript><\/p>\n<p><a href=\"\/\/www3.smartadserver.com\/ac?jump=1&#038;nwid=2136&#038;siteid=240610&#038;pgname=rg&#038;fmtid=49046&#038;visit=m&#038;tmstp=[timestamp]&#038;out=nonrich\" target=\"_blank\" rel=\"noopener noreferrer\"><img decoding=\"async\" src=\"\/\/www3.smartadserver.com\/ac?out=nonrich&#038;nwid=2136&#038;siteid=240610&#038;pgname=rg&#038;fmtid=49046&#038;visit=m&#038;tmstp=[timestamp]\" border=\"0\" alt=\"\"\/><\/a><\/p>\n<p><\/noscript><\/div>\n<p><strong>COUP DE C\u0152UR<\/strong><\/p>\n<p><strong>\u00a0<\/strong><\/p>\n<p><strong>S\u00e9curisation du 11-D\u00e9cembre\u00a0: bravo aux FDS\u00a0!<\/strong><\/p>\n<p class=\"c3\"><strong>\u00a0<\/strong>Le 11-D\u00e9cembre s\u2019est d\u00e9roul\u00e9 sans couac \u00e0 Tenkodogo, du moins, sur le plan s\u00e9curitaire. Toute chose qui n\u2019\u00e9tait pas gagn\u00e9e d\u2019avance au regard du contexte national marqu\u00e9 par la recrudescence des attaques terroristes. C\u2019est pourquoi il y a lieu de rendre un hommage appuy\u00e9 aux Forces de d\u00e9fense et de s\u00e9curit\u00e9 (FDS) qui ont mis les\u00a0 bouch\u00e9es doubles pour que l\u2019\u00e9v\u00e9nement soit un succ\u00e8s. Car, il faut avoir le courage de le dire. Si une quelconque attaque perturbait le 11-D\u00e9cembre, ce serait une tr\u00e8s mauvaise publicit\u00e9 pour notre pays qui peine d\u00e9j\u00e0 \u00e0 reconqu\u00e9rir la confiance de certains partenaires.<\/p>\n<p><strong>COUP DE GUEULE<\/strong><\/p>\n<p><strong>\u00a0<\/strong><\/p>\n<p><strong>Perturbation des cours en d\u00e9cembre\u00a0: il faut siffler la fin de la recr\u00e9ation<\/strong><\/p>\n<p><strong>\u00a0<\/strong><\/p>\n<p class=\"c3\">Presque chaque ann\u00e9e, l\u2019on assiste, pendant le mois de d\u00e9cembre, \u00e0 des sc\u00e8nes incroyables. Il s\u2019agit de ces individus cagoul\u00e9s, roulant \u00e0 motos, et qui vont d\u2019\u00e9tablissement en \u00e9tablissement, pour perturber les cours. On savait jusque-l\u00e0 que les \u00e9l\u00e8ves manifestaient les 6 et 13 d\u00e9cembre pour r\u00e9clamer v\u00e9rit\u00e9 et justice respectivement pour Flavien N\u00e9bi\u00e9 et Norbert Zongo. Mais depuis quelques ann\u00e9es, le constat est tout autre. Certains \u00e9l\u00e8ves ne veulent plus faire cours en d\u00e9cembre. Et comme si cela ne suffit pas, ils veulent emp\u00eacher les autres de ne pas voir les choses comme eux. Ce qui n\u2019est pas normal. Il faut tout simplement siffler la fin de la recr\u00e9ation pour ne pas dire de la pagaille.<\/p>\n<\/div>\n<p>Auteur: Le Pays<br \/>\n<a href=\"http:\/\/lepays.bf\/66018-2\/\">Cliquez ici pour lire l&rsquo;article depuis sa source.<\/a><\/p>\n","protected":false},"excerpt":{"rendered":"<p>COUP DE C\u0152UR \u00a0 S\u00e9curisation du 11-D\u00e9cembre\u00a0: bravo aux FDS\u00a0! \u00a0Le 11-D\u00e9cembre s\u2019est d\u00e9roul\u00e9 sans couac \u00e0 Tenkodogo, du moins, sur le plan s\u00e9curitaire. Toute chose qui n\u2019\u00e9tait pas gagn\u00e9e d\u2019avance au regard du contexte national marqu\u00e9 par la recrudescence des attaques terroristes. C\u2019est pourquoi il y a lieu de rendre un hommage appuy\u00e9 aux [&hellip;]<\/p>\n","protected":false},"author":1813,"featured_media":69953,"comment_status":"closed","ping_status":"closed","sticky":false,"template":"","format":"standard","meta":{"fifu_image_url":"","fifu_image_alt":"","footnotes":""},"categories":[73,81],"tags":[],"class_list":["post-69952","post","type-post","status-publish","format-standard","has-post-thumbnail","hentry","category-actualite","category-burkina-faso"],"_links":{"self":[{"href":"https:\/\/linitiative.ca\/International\/wp-json\/wp\/v2\/posts\/69952","targetHints":{"allow":["GET"]}}],"collection":[{"href":"https:\/\/linitiative.ca\/International\/wp-json\/wp\/v2\/posts"}],"about":[{"href":"https:\/\/linitiative.ca\/International\/wp-json\/wp\/v2\/types\/post"}],"author":[{"embeddable":true,"href":"https:\/\/linitiative.ca\/International\/wp-json\/wp\/v2\/users\/1813"}],"replies":[{"embeddable":true,"href":"https:\/\/linitiative.ca\/International\/wp-json\/wp\/v2\/comments?post=69952"}],"version-history":[{"count":0,"href":"https:\/\/linitiative.ca\/International\/wp-json\/wp\/v2\/posts\/69952\/revisions"}],"wp:featuredmedia":[{"embeddable":true,"href":"https:\/\/linitiative.ca\/International\/wp-json\/"}],"wp:attachment":[{"href":"https:\/\/linitiative.ca\/International\/wp-json\/wp\/v2\/media?parent=69952"}],"wp:term":[{"taxonomy":"category","embeddable":true,"href":"https:\/\/linitiative.ca\/International\/wp-json\/wp\/v2\/categories?post=69952"},{"taxonomy":"post_tag","embeddable":true,"href":"https:\/\/linitiative.ca\/International\/wp-json\/wp\/v2\/tags?post=69952"}],"curies":[{"name":"wp","href":"https:\/\/api.w.org\/{rel}","templated":true}]}}