{"id":69954,"date":"2019-12-11T15:05:12","date_gmt":"2019-12-11T20:05:12","guid":{"rendered":"https:\/\/linitiative.ca\/International\/nouvelle-attaque-meurtriere-contre-larmee-nigerienne\/"},"modified":"2019-12-11T15:05:12","modified_gmt":"2019-12-11T20:05:12","slug":"nouvelle-attaque-meurtriere-contre-larmee-nigerienne","status":"publish","type":"post","link":"https:\/\/linitiative.ca\/International\/nouvelle-attaque-meurtriere-contre-larmee-nigerienne\/","title":{"rendered":"NOUVELLE ATTAQUE MEURTRIERE CONTRE L\u2019ARMEE NIGERIENNE"},"content":{"rendered":"<div class=\"stream-item stream-item-above-post-content\">\n<p><noscript><\/p>\n<p><a href=\"\/\/www3.smartadserver.com\/ac?jump=1&#038;nwid=2136&#038;siteid=240610&#038;pgname=rg&#038;fmtid=49046&#038;visit=m&#038;tmstp=[timestamp]&#038;out=nonrich\" target=\"_blank\" rel=\"noopener noreferrer\"><img decoding=\"async\" src=\"\/\/www3.smartadserver.com\/ac?out=nonrich&#038;nwid=2136&#038;siteid=240610&#038;pgname=rg&#038;fmtid=49046&#038;visit=m&#038;tmstp=[timestamp]\" border=\"0\" alt=\"\"\/><\/a><\/p>\n<p><\/noscript><\/div>\n<p><em>Les terroristes viennent encore de faire parler d\u2019eux, au Niger.\u00a0 En effet, une attaque perp\u00e9tr\u00e9e hier, contre un camp militaire, a fait, selon les autorit\u00e9s nig\u00e9riennes, 60 morts dans la localit\u00e9 d\u2019Inates,<\/em> <em>dans l\u2019ouest du pays, \u00e0 la fronti\u00e8re du Mali. Les terroristes auraient pilonn\u00e9 le camp \u00e0 l\u2019aide d\u2019obus et de mortiers. Les explosions de munitions et de carburant seraient \u00e0 l\u2019origine de ce lourd bilan, jamais enregistr\u00e9 depuis le d\u00e9but des attaques terroristes au Niger en 2015. Ceux que l\u2019on appelle \u00e0 tort \u00ab\u00a0les fous d\u2019Allah\u00a0\u00bb voudraient prouver \u00e0 l\u2019opinion qu\u2019ils disposent toujours d\u2019une forte capacit\u00e9 de nuisance, qu\u2019ils ne s\u2019y prendraient pas autrement. C\u2019est la preuve, pour ceux qui en doutaient encore, que ces gens-l\u00e0 qui disent agir au nom de l\u2019Islam, ne sont rien moins que des bandits ou des hors-la-loi qui ont fait le choix de se mettre au ban de la soci\u00e9t\u00e9. C\u2019est le lieu donc de faire la part des choses entre le djihadiste et le terroriste.<\/em><\/p>\n<p><strong><em>Le djihad n\u2019est pas ce que l\u2019on veut nous faire croire<\/em><\/strong><\/p>\n<p><em>Car le djihad, pour reprendre les termes d\u2019un leader religieux burkinab\u00e8, consiste en un effort pour faire le bien. Cela peut se traduire, entre autres, \u00ab\u00a0par le fait de se battre pour entretenir ses g\u00e9niteurs, mettre sa famille \u00e0 l\u2019abri du besoin ou d\u00e9penser financi\u00e8rement pour soutenir la religion\u00a0\u00bb.<\/em> <em><br \/>Le djihad n\u2019est donc pas ce que l\u2019on veut nous faire croire. Non\u00a0! Ceux-l\u00e0 qui s\u00e8ment la mort et la d\u00e9solation sur leur passage, sont des terroristes et m\u00e9ritent d\u2019\u00eatre trait\u00e9s comme tels\u00a0; d\u2019o\u00f9 l\u2019imp\u00e9rieuse n\u00e9cessit\u00e9 de rendre op\u00e9rationnelle la Force conjointe du G5 Sahel qui, depuis des ann\u00e9es, fait tant parler d\u2019elle mais dont les actions sont tr\u00e8s peu visibles sur le terrain. Or, pendant que l\u2019on passe le temps \u00e0 tergiverser, les terroristes, eux, continuent de massacrer en rond. A preuve, cette nouvelle attaque au Niger intervient au moment m\u00eame o\u00f9 se tenait en Egypte, la Conf\u00e9rence sur la paix durable, la s\u00e9curit\u00e9 et le d\u00e9veloppement en Afrique. Le chef supr\u00eame des arm\u00e9es nig\u00e9riennes, Mahamadou Issoufou qui y prenait part, \u00e9tait oblig\u00e9 d\u2019\u00e9courter son s\u00e9jour sur les bords du Nil pour regagner son pays. Cette attaque dont le bilan fait froid dans le dos, doit pousser la communaut\u00e9 internationale \u00e0 revoir le mandat de la Mission multidimensionnelle int\u00e9gr\u00e9e des Nations unies pour la stabilisation du Mali (MINUSMA) et la Force conjointe du G5 Sahel. Cela est d\u2019autant plus n\u00e9cessaire que les pays du G5 Sahel sont r\u00e9guli\u00e8rement endeuill\u00e9s par les forces du mal et ce, en d\u00e9pit de la pr\u00e9sence des 45\u00a0000 soldats de la Force Barkhane. L\u2019on se demande comment arr\u00eater la spirale de la mort dans cette partie de l\u2019Afrique, tant les attaques terroristes sont l\u00e9gion. Si ce n\u2019est pas le Mali qui est attaqu\u00e9, c\u2019est le Burkina ou le Niger. Il est temps d\u2019\u0153uvrer \u00e0 mettre fin \u00e0 la comptabilit\u00e9 macabre tenue dans chacun des trois pays. Et cela passe par la mutualisation des renseignements, des moyens humains et mat\u00e9riels. Car, de plus en plus, les terroristes n\u2019h\u00e9sitent plus \u00e0 se coaliser pour mener des attaques d\u2019envergure. Le moins que l\u2019on puisse dire, c\u2019est que cette nouvelle attaque risque de mettre le pr\u00e9sident nig\u00e9rien dans une posture inconfortable face au pr\u00e9sident fran\u00e7ais, Emmanuel Macron qui l\u2019a convi\u00e9 ainsi que les autres chefs d\u2019Etat du G5 Sahel,\u00a0 \u00e0 la rencontre de Pau. En tout cas, le risque que cette attaque influence la position de \u00a0\u00a0Mahamadou\u00a0\u00a0\u00a0 Issoufou est grande. \u00a0\u00a0<\/em><\/p>\n<p><strong><em>DZ<\/em><\/strong><\/p>\n<p><em>\u00a0<\/em><\/p>\n<p>Auteur: Le Pays<br \/>\n<a href=\"http:\/\/lepays.bf\/nouvelle-attaque-meurtriere-contre-larmee-nigerienne\/\">Cliquez ici pour lire l&rsquo;article depuis sa source.<\/a><\/p>\n","protected":false},"excerpt":{"rendered":"<p>Les terroristes viennent encore de faire parler d\u2019eux, au Niger.\u00a0 En effet, une attaque perp\u00e9tr\u00e9e hier, contre un camp militaire, a fait, selon les autorit\u00e9s nig\u00e9riennes, 60 morts dans la localit\u00e9 d\u2019Inates, dans l\u2019ouest du pays, \u00e0 la fronti\u00e8re du Mali. Les terroristes auraient pilonn\u00e9 le camp \u00e0 l\u2019aide d\u2019obus et de mortiers. Les explosions [&hellip;]<\/p>\n","protected":false},"author":1813,"featured_media":0,"comment_status":"closed","ping_status":"closed","sticky":false,"template":"","format":"standard","meta":{"fifu_image_url":"","fifu_image_alt":"","footnotes":""},"categories":[73,81],"tags":[],"class_list":["post-69954","post","type-post","status-publish","format-standard","hentry","category-actualite","category-burkina-faso"],"_links":{"self":[{"href":"https:\/\/linitiative.ca\/International\/wp-json\/wp\/v2\/posts\/69954","targetHints":{"allow":["GET"]}}],"collection":[{"href":"https:\/\/linitiative.ca\/International\/wp-json\/wp\/v2\/posts"}],"about":[{"href":"https:\/\/linitiative.ca\/International\/wp-json\/wp\/v2\/types\/post"}],"author":[{"embeddable":true,"href":"https:\/\/linitiative.ca\/International\/wp-json\/wp\/v2\/users\/1813"}],"replies":[{"embeddable":true,"href":"https:\/\/linitiative.ca\/International\/wp-json\/wp\/v2\/comments?post=69954"}],"version-history":[{"count":0,"href":"https:\/\/linitiative.ca\/International\/wp-json\/wp\/v2\/posts\/69954\/revisions"}],"wp:attachment":[{"href":"https:\/\/linitiative.ca\/International\/wp-json\/wp\/v2\/media?parent=69954"}],"wp:term":[{"taxonomy":"category","embeddable":true,"href":"https:\/\/linitiative.ca\/International\/wp-json\/wp\/v2\/categories?post=69954"},{"taxonomy":"post_tag","embeddable":true,"href":"https:\/\/linitiative.ca\/International\/wp-json\/wp\/v2\/tags?post=69954"}],"curies":[{"name":"wp","href":"https:\/\/api.w.org\/{rel}","templated":true}]}}