{"id":69955,"date":"2019-12-11T16:23:36","date_gmt":"2019-12-11T21:23:36","guid":{"rendered":"https:\/\/linitiative.ca\/International\/convocation-de-chefs-detat-a-pau-le-cfop-denonce-un-mepris-des-peuples-du-g5-sahel\/"},"modified":"2019-12-11T16:23:36","modified_gmt":"2019-12-11T21:23:36","slug":"convocation-de-chefs-detat-a-pau-le-cfop-denonce-un-mepris-des-peuples-du-g5-sahel","status":"publish","type":"post","link":"https:\/\/linitiative.ca\/International\/convocation-de-chefs-detat-a-pau-le-cfop-denonce-un-mepris-des-peuples-du-g5-sahel\/","title":{"rendered":"\u00abConvocation \u00bb de chefs d\u2019Etat \u00e0 Pau  : le CFOP d\u00e9nonce un \u00abm\u00e9pris\u00bb  des peuples du G5 Sahel"},"content":{"rendered":"<div class=\"td-post-featured-image\"><a href=\"https:\/\/i0.wp.com\/www.sidwaya.info\/wp-content\/uploads\/2019\/12\/2-8.jpg?fit=595%2C420&#038;ssl=1\" data-caption=\"\"><img loading=\"lazy\" decoding=\"async\" width=\"595\" height=\"420\" class=\"entry-thumb td-modal-image\" src=\"https:\/\/i0.wp.com\/www.sidwaya.info\/wp-content\/uploads\/2019\/12\/2-8.jpg?resize=595%2C420&#038;ssl=1\" srcset=\"https:\/\/i0.wp.com\/www.sidwaya.info\/wp-content\/uploads\/2019\/12\/2-8.jpg?w=595&#038;ssl=1 595w, https:\/\/i0.wp.com\/www.sidwaya.info\/wp-content\/uploads\/2019\/12\/2-8.jpg?resize=300%2C212&#038;ssl=1 300w, https:\/\/i0.wp.com\/www.sidwaya.info\/wp-content\/uploads\/2019\/12\/2-8.jpg?resize=100%2C70&#038;ssl=1 100w\" sizes=\"auto, (max-width: 595px) 100vw, 595px\" alt=\"\" title=\"2\"\/><\/a><\/div>\n<p><strong>L\u2019hebdomadaire point de presse de l\u2019opposition politique s\u2019est tenu, le mardi 10 d\u00e9cembre 2019, au si\u00e8ge du Chef de file de l\u2019Opposition politique. Plusieurs sujets dont l\u2019invitation des chefs d\u2019Etat du G5 Sahel en France, la d\u00e9coration des leaders de l\u2019opposition et la perturbation des cours par des jeunes cagoul\u00e9s \u00e9taient au menu des \u00e9changes.<\/strong><\/p>\n<p>L\u2019opposition politique burkinab\u00e8 est contre la \u00abconvocation\u00bb des chefs d\u2019Etat des cinq pays membres du G5 Sahel par le pr\u00e9sident Emmanuel Macron, le 16 d\u00e9cembre prochain \u00e0 Pau en France afin de clarifier leurs positions sur la pr\u00e9sence militaire fran\u00e7aise au Sahel. Le Chef de file de l\u2019Opposition politique (CFOP) l\u2019a fait savoir, lors de son hebdomadaire point de presse, anim\u00e9 le mardi 10 d\u00e9cembre 2019 \u00e0 Ouagadougou par le pr\u00e9sident du parti du Rassemblement des \u00e9cologistes du Burkina Faso (RDEBF), Adama S\u00e9r\u00e9 et Youmali Lompo du Parti national des d\u00e9mocrates sociaux (PNDS). \u00ab Le contexte, la forme et surtout le ton utilis\u00e9, font de cette convocation, empreinte de m\u00e9pris, une insulte aux peuples des cinq pays concern\u00e9s. C\u2019est aussi une fa\u00e7on pour le chef de l\u2019Etat fran\u00e7ais d\u2019humilier ses pairs du G5 Sahel qui, incapables d\u2019organiser le combat contre les groupes terroristes qui menacent leurs pouvoirs font recours \u00e0 l\u2019ancienne puissance coloniale\u00bb, a d\u00e9clar\u00e9 M. S\u00e9r\u00e9. Selon lui, plusieurs rencontres tenues entre la France et les Etats du G5 Sahel en terre africaine ou en Europe, sont autant d\u2019occasions qui auraient permis de discuter \u00abfranchement\u00bb de la situation s\u00e9curitaire entre partenaires. Le CFOP a d\u00e9nonc\u00e9 \u00e9galement l\u2019attitude du parti au pouvoir qui, selon elle, consiste \u00e0 \u00absigner nuitamment \u00bb des accords avec la France et revenir \u00abjouer \u00e0 l\u2019anti-imp\u00e9rialiste\u00bb le jour venu. Pour l\u2019opposition, il n\u2019y a pas de doute \u00e0 se faire sur la pr\u00e9sence des bases militaires fran\u00e7aises en Afrique francophone.<\/p>\n<div class=\"td-a-rec td-a-rec-id-content_inline tdi_30_61d td_block_template_1\"><a href=\"https:\/\/www.sidwaya.info\/wp-content\/uploads\/2019\/12\/Bandeau-11-De%CC%81cembre-3.jpg\"><img loading=\"lazy\" decoding=\"async\" src=\"https:\/\/www.sidwaya.info\/wp-content\/uploads\/2019\/12\/Bandeau-11-De%CC%81cembre-3.jpg\" alt=\"\" width=\"720\" height=\"90\" class=\"aligncenter size-full wp-image-17180\"\/><\/a><\/div>\n<p>\u00abSi la France est pr\u00e9sente dans le Sahel, c\u2019est en vertu du prolongement de sa politique de pr\u00e9 carr\u00e9, initi\u00e9e depuis les ind\u00e9pendances dans le but de se m\u00e9nager une zone d\u2019influence\u00bb, a pr\u00e9cis\u00e9 le pr\u00e9sident du RDEBF. Concernant la d\u00e9coration de certains de ses leaders, dont Z\u00e9phirin Diabr\u00e9 de l\u2019Union pour le progr\u00e8s et le changement (UPC) et Gilbert No\u00ebl Ou\u00e9draogo, de l\u2019Alliance pour la d\u00e9mocratie et la f\u00e9d\u00e9ration\/Rassemblement d\u00e9mocratique africain (ADF-RDA) \u00e9lev\u00e9s au rang de Grand Officier de l\u2019Ordre de l\u2019Etalon, le CFOP a indiqu\u00e9 qu\u2019ils ont \u00e9t\u00e9 distingu\u00e9s pour la contribution de leurs formations politiques au d\u00e9bat d\u00e9mocratique \u00e0 l\u2019Assembl\u00e9e nationale. Pour Youmali Lompo, co-animateur de la rencontre, ces m\u00e9dailles n\u2019entameront en rien la fermet\u00e9 de l\u2019opposition qui entend continuer \u00e0 jouer son r\u00f4le dans le jeu d\u00e9mocratique. Au sujet des perturbations des cours dans la ville de Ouagadougou, les conf\u00e9renciers ont condamn\u00e9 les mouvements des jeunes scolaires cagoul\u00e9s qui s\u00e8ment le d\u00e9sordre depuis le d\u00e9but du mois d\u00e9cembre. \u00ab Dans ce contexte s\u00e9curitaire d\u00e9l\u00e9t\u00e8re, il ne faut pas permettre aux ennemis de s\u2019infiltrer dans des mouvements pour commettre l\u2019irr\u00e9parable\u00bb, a expliqu\u00e9 M. Lompo. Quelle attitude l\u2019opposition recommande-t-elle au pr\u00e9sident du Faso concernant le voyage \u00e0 Pau ? R\u00e9agissant \u00e0 cette question, le pr\u00e9sident du PNDS a fait savoir qu\u2019il n\u2019appartient pas au CFOP de dicter la conduire \u00e0 tenir au chef de l\u2019Etat.<\/p>\n<p>\u00abLa France est une puissance, mais le Burkina Faso est aussi un Etat souverain qui m\u00e9rite respect et consid\u00e9ration\u00bb, a-t-il ajout\u00e9. Sur les plaintes de Ablass\u00e9 Ou\u00e9draogo dont le parti ayant un d\u00e9put\u00e9 \u00e0 l\u2019Assembl\u00e9e nationale n\u2019aurait pas \u00e9t\u00e9 d\u00e9cor\u00e9, Youmali Lompo pense que ce dernier ne peut s\u2019en prendre qu\u2019au pr\u00e9sident du Faso.<\/p>\n<p class=\"c1\"><strong>Beyon Romain NEBIE<\/strong><br \/><strong>beyonromain@yahoo.fr<\/strong><\/p>\n<div class=\"td-a-rec td-a-rec-id-content_bottom tdi_31_5df td_block_template_1\"><img loading=\"lazy\" decoding=\"async\" class=\"aligncenter size-full wp-image-9623\" src=\"https:\/\/www.sidwaya.info\/wp-content\/uploads\/2019\/06\/Projet-bannie%CC%80re-Orange-mobile.jpg\" alt=\"\" width=\"728\" height=\"81\"\/><\/div>\n<p>Auteur: JK. Sidwaya<br \/>\n<a href=\"https:\/\/www.sidwaya.info\/blog\/2019\/12\/11\/convocation-de-chefs-detat-a-pau-le-cfop-denonce-un-mepris-des-peuples-du-g5-sahel\/\">Cliquez ici pour lire l&rsquo;article depuis sa source.<\/a><\/p>\n","protected":false},"excerpt":{"rendered":"<p>L\u2019hebdomadaire point de presse de l\u2019opposition politique s\u2019est tenu, le mardi 10 d\u00e9cembre 2019, au si\u00e8ge du Chef de file de l\u2019Opposition politique. Plusieurs sujets dont l\u2019invitation des chefs d\u2019Etat du G5 Sahel en France, la d\u00e9coration des leaders de l\u2019opposition et la perturbation des cours par des jeunes cagoul\u00e9s \u00e9taient au menu des \u00e9changes. [&hellip;]<\/p>\n","protected":false},"author":1816,"featured_media":0,"comment_status":"closed","ping_status":"closed","sticky":false,"template":"","format":"standard","meta":{"fifu_image_url":"","fifu_image_alt":"","footnotes":""},"categories":[73,81],"tags":[],"class_list":["post-69955","post","type-post","status-publish","format-standard","hentry","category-actualite","category-burkina-faso"],"_links":{"self":[{"href":"https:\/\/linitiative.ca\/International\/wp-json\/wp\/v2\/posts\/69955","targetHints":{"allow":["GET"]}}],"collection":[{"href":"https:\/\/linitiative.ca\/International\/wp-json\/wp\/v2\/posts"}],"about":[{"href":"https:\/\/linitiative.ca\/International\/wp-json\/wp\/v2\/types\/post"}],"author":[{"embeddable":true,"href":"https:\/\/linitiative.ca\/International\/wp-json\/wp\/v2\/users\/1816"}],"replies":[{"embeddable":true,"href":"https:\/\/linitiative.ca\/International\/wp-json\/wp\/v2\/comments?post=69955"}],"version-history":[{"count":0,"href":"https:\/\/linitiative.ca\/International\/wp-json\/wp\/v2\/posts\/69955\/revisions"}],"wp:attachment":[{"href":"https:\/\/linitiative.ca\/International\/wp-json\/wp\/v2\/media?parent=69955"}],"wp:term":[{"taxonomy":"category","embeddable":true,"href":"https:\/\/linitiative.ca\/International\/wp-json\/wp\/v2\/categories?post=69955"},{"taxonomy":"post_tag","embeddable":true,"href":"https:\/\/linitiative.ca\/International\/wp-json\/wp\/v2\/tags?post=69955"}],"curies":[{"name":"wp","href":"https:\/\/api.w.org\/{rel}","templated":true}]}}