{"id":69956,"date":"2019-12-11T16:26:42","date_gmt":"2019-12-11T21:26:42","guid":{"rendered":"https:\/\/linitiative.ca\/International\/11-decembre-a-tenkodogo-perseverance-contre-linsecurite\/"},"modified":"2019-12-11T16:26:42","modified_gmt":"2019-12-11T21:26:42","slug":"11-decembre-a-tenkodogo-perseverance-contre-linsecurite","status":"publish","type":"post","link":"https:\/\/linitiative.ca\/International\/11-decembre-a-tenkodogo-perseverance-contre-linsecurite\/","title":{"rendered":"11-D\u00e9cembre \u00e0 Tenkodogo : pers\u00e9v\u00e9rance contre l\u2019ins\u00e9curit\u00e9"},"content":{"rendered":"<div class=\"td-post-featured-image\"><a href=\"https:\/\/i1.wp.com\/www.sidwaya.info\/wp-content\/uploads\/2019\/12\/1-22.jpg?fit=595%2C397&#038;ssl=1\" data-caption=\"\"><img loading=\"lazy\" decoding=\"async\" width=\"595\" height=\"397\" class=\"entry-thumb td-modal-image\" src=\"https:\/\/i1.wp.com\/www.sidwaya.info\/wp-content\/uploads\/2019\/12\/1-22.jpg?resize=595%2C397&#038;ssl=1\" srcset=\"https:\/\/i1.wp.com\/www.sidwaya.info\/wp-content\/uploads\/2019\/12\/1-22.jpg?w=595&#038;ssl=1 595w, https:\/\/i1.wp.com\/www.sidwaya.info\/wp-content\/uploads\/2019\/12\/1-22.jpg?resize=300%2C200&#038;ssl=1 300w\" sizes=\"auto, (max-width: 595px) 100vw, 595px\" alt=\"\" title=\"1\"\/><\/a><\/div>\n<p><strong>Les forces vives de la nation burkinab\u00e8 ont d\u00e9fil\u00e9, le mercredi 11 d\u00e9cembre 2019 \u00e0 Tenkodogo, en hommage aux h\u00e9ros nationaux et en signe d\u2019engagement contre le terrorisme et le grand banditisme.<\/strong><\/p>\n<p>Le d\u00e9fil\u00e9 civilo-militaire a toujours \u00e9t\u00e9 l\u2019une des grandes attractions de la f\u00eate nationale. Celui organis\u00e9 \u00e0 Tenkodogo, le mercredi 11 d\u00e9cembre 2019, n\u2019a pas d\u00e9rog\u00e9 \u00e0 la r\u00e8gle. Tr\u00e8s t\u00f4t, les populations ont pris d\u2019assaut massivement l\u2019aire de la parade pour \u00eatre des t\u00e9moins privil\u00e9gi\u00e9s de la comm\u00e9moration du 59e anniversaire de l\u2019accession \u00e0 l\u2019ind\u00e9pendance et du centenaire de la cr\u00e9ation de l\u2019Etat du Burkina Faso (ancienne Haute-Volta). Avant le d\u00e9but de la parade, le pr\u00e9sident du Faso, Roch Marc Christian Kabor\u00e9 a d\u00e9cern\u00e9 \u00e0 l\u2019Acad\u00e9mie militaire royale de Mekn\u00e8s du Maroc, l\u2019insigne de Commandeur de l\u2019Ordre de l\u2019Etalon, en signe de gratitude pour la centaine d\u2019officiers burkinab\u00e8 form\u00e9s depuis 1974.<\/p>\n<div class=\"td-a-rec td-a-rec-id-content_inline tdi_30_ed1 td_block_template_1\"><a href=\"https:\/\/www.sidwaya.info\/wp-content\/uploads\/2019\/12\/Bandeau-11-De%CC%81cembre-3.jpg\"><img loading=\"lazy\" decoding=\"async\" src=\"https:\/\/www.sidwaya.info\/wp-content\/uploads\/2019\/12\/Bandeau-11-De%CC%81cembre-3.jpg\" alt=\"\" width=\"720\" height=\"90\" class=\"aligncenter size-full wp-image-17180\"\/><\/a><\/div>\n<p>Les spectateurs ont \u00e9galement pu appr\u00e9cier, \u00e0 travers un mini d\u00e9fil\u00e9 de mode, les traits caract\u00e9ristiques de la beaut\u00e9, de la parure et de la coiffure des femmes Moaga, Dioula, Peulh, Bissa et Yanna. Par la suite, 6 500 d\u00e9filants, compos\u00e9s de 5 000 civils, de 1 000 forces militaires et paramilitaires et de 500 troupes motoris\u00e9es, ont \u00e9gay\u00e9 le public. Pendant trois heures d\u2019horloge, toutes les couches socio\u00e9conomiques et professionnelles, le savoir-faire et la culture du Burkina Faso ont \u00e9t\u00e9 pass\u00e9s en revue au bonheur des populations. Avec leurs grands pas cadenc\u00e9s et appuy\u00e9s, les tout-petits de l\u2019\u00e9cole primaire de Mangourou (Garango), ont arrach\u00e9 des sourires et des applaudissements. La parade de Yennenga, du nom de l\u2019amazone fondatrice de l\u2019empire moaga, a \u00e9merveill\u00e9 plus d\u2019un. Dans un premier tableau, celle qui incarne la princesse en tenue de combat et chevauchant gracieusement son cheval, est escort\u00e9e par une quinzaine de cavaliers. Apr\u00e8s leur passage, trois cavaliers ont ex\u00e9cut\u00e9 des acrobaties \u00e0 couper le souffle, sous des ovations nourries. Ce sont les majorettes de la r\u00e9gion du Centre qui ont cl\u00f4tur\u00e9 le d\u00e9fil\u00e9 civil avec des ballets savamment ex\u00e9cut\u00e9s au son de la fanfare de la Gendarmerie nationale.<\/p>\n<p><strong>Consolider de l\u2019Etat-Nation<\/strong><\/p>\n<p>Au niveau du d\u00e9fil\u00e9 militaire et paramilitaire, la troupe motoris\u00e9e de la police nationale a suscit\u00e9 l\u2019admiration de l\u2019assistance. Regroupant uniquement des polici\u00e8res, la troupe a montr\u00e9 des figures en solo, en bin\u00f4me, en trio et m\u00eame en quintuple, le tout plac\u00e9 sous le th\u00e8me de l\u2019unit\u00e9 entre les Forces de d\u00e9fense et de s\u00e9curit\u00e9 pour un Burkina Faso de paix.<br \/>Les jeunes du Prytan\u00e9e militaire du Kadiogo (PMK) ont saisi l\u2019occasion pour montrer aux Burkinab\u00e8, les prouesses de leur fanfare, cr\u00e9\u00e9e en janvier 2019. A la fin du d\u00e9fil\u00e9 intervenu \u00e0 12h pr\u00e9cises, le pr\u00e9sident Roch Kabor\u00e9 est revenu sur le th\u00e8me de la manifestation : \u00abCent ans de la cr\u00e9ation du Burkina Faso : devoir de m\u00e9moire et engagement patriotique en vue de la consolidation de l\u2019Etat-Nation\u00bb.<br \/>Pour le chef de l\u2019Etat, les Burkinab\u00e8 doivent s\u2019approprier les valeurs de courage, d\u2019engagement, de d\u00e9fense de la patrie et d\u2019int\u00e9grit\u00e9, v\u00e9hicul\u00e9es par nos devanciers.<br \/>\u00abNous devons y penser parce que le pr\u00e9sent se nourrit de l\u2019histoire\u00bb, a expliqu\u00e9 le chef de l\u2019Etat.<\/p>\n<p>En rapport avec les d\u00e9fis s\u00e9curitaires, le pr\u00e9sident du Faso a demand\u00e9 \u00e0 ces concitoyens de s\u2019armer de t\u00e9nacit\u00e9 et de d\u00e9termination pour lutter contre le terrorisme et le grand banditisme. \u00abNous traversons aujourd\u2019hui une situation difficile. Mais nous devons garder le courage et le cap parce que nous sommes certains, que comme hier, nous sortirons vainqueurs\u00bb, a-t-il dit. Roch Kabor\u00e9 a eu une pieuse pens\u00e9e pour les victimes du terrorisme et a souhait\u00e9 un prompt r\u00e9tablissement aux bless\u00e9s.<br \/>Il a traduit ses encouragements aux soldats d\u00e9ploy\u00e9s jour et nuit dans les zones recul\u00e9es pour contrer le fl\u00e9au. En conclusion, le chef de l\u2019Etat a remerci\u00e9 grandement tous ceux qui ont contribu\u00e9 \u00e0 la r\u00e9ussite de la f\u00eate. En outre, il a t\u00e9moign\u00e9 sa gratitude \u00e0 l\u2019Acad\u00e9mie royale militaire de Mekn\u00e8s pour sa participation \u00e0 la parade et les nombreuses formations accord\u00e9es aux officiers burkinab\u00e8.<\/p>\n<p class=\"c1\"><strong>Tilado Apollinaire ABGA<\/strong><\/p>\n<div class=\"td-a-rec td-a-rec-id-content_bottom tdi_31_37b td_block_template_1\"><img loading=\"lazy\" decoding=\"async\" class=\"aligncenter size-full wp-image-9623\" src=\"https:\/\/www.sidwaya.info\/wp-content\/uploads\/2019\/06\/Projet-bannie%CC%80re-Orange-mobile.jpg\" alt=\"\" width=\"728\" height=\"81\"\/><\/div>\n<p>Auteur: JK. Sidwaya<br \/>\n<a href=\"https:\/\/www.sidwaya.info\/blog\/2019\/12\/11\/11-decembre-a-tenkodogo-perseverance-contre-linsecurite\/\">Cliquez ici pour lire l&rsquo;article depuis sa source.<\/a><\/p>\n","protected":false},"excerpt":{"rendered":"<p>Les forces vives de la nation burkinab\u00e8 ont d\u00e9fil\u00e9, le mercredi 11 d\u00e9cembre 2019 \u00e0 Tenkodogo, en hommage aux h\u00e9ros nationaux et en signe d\u2019engagement contre le terrorisme et le grand banditisme. Le d\u00e9fil\u00e9 civilo-militaire a toujours \u00e9t\u00e9 l\u2019une des grandes attractions de la f\u00eate nationale. Celui organis\u00e9 \u00e0 Tenkodogo, le mercredi 11 d\u00e9cembre 2019, [&hellip;]<\/p>\n","protected":false},"author":1816,"featured_media":0,"comment_status":"closed","ping_status":"closed","sticky":false,"template":"","format":"standard","meta":{"fifu_image_url":"","fifu_image_alt":"","footnotes":""},"categories":[73,81],"tags":[],"class_list":["post-69956","post","type-post","status-publish","format-standard","hentry","category-actualite","category-burkina-faso"],"_links":{"self":[{"href":"https:\/\/linitiative.ca\/International\/wp-json\/wp\/v2\/posts\/69956","targetHints":{"allow":["GET"]}}],"collection":[{"href":"https:\/\/linitiative.ca\/International\/wp-json\/wp\/v2\/posts"}],"about":[{"href":"https:\/\/linitiative.ca\/International\/wp-json\/wp\/v2\/types\/post"}],"author":[{"embeddable":true,"href":"https:\/\/linitiative.ca\/International\/wp-json\/wp\/v2\/users\/1816"}],"replies":[{"embeddable":true,"href":"https:\/\/linitiative.ca\/International\/wp-json\/wp\/v2\/comments?post=69956"}],"version-history":[{"count":0,"href":"https:\/\/linitiative.ca\/International\/wp-json\/wp\/v2\/posts\/69956\/revisions"}],"wp:attachment":[{"href":"https:\/\/linitiative.ca\/International\/wp-json\/wp\/v2\/media?parent=69956"}],"wp:term":[{"taxonomy":"category","embeddable":true,"href":"https:\/\/linitiative.ca\/International\/wp-json\/wp\/v2\/categories?post=69956"},{"taxonomy":"post_tag","embeddable":true,"href":"https:\/\/linitiative.ca\/International\/wp-json\/wp\/v2\/tags?post=69956"}],"curies":[{"name":"wp","href":"https:\/\/api.w.org\/{rel}","templated":true}]}}