{"id":69957,"date":"2019-12-11T16:29:35","date_gmt":"2019-12-11T21:29:35","guid":{"rendered":"https:\/\/linitiative.ca\/International\/11-decembre-2019-larmee-salue-la-memoire-de-ses-heros\/"},"modified":"2019-12-11T16:29:35","modified_gmt":"2019-12-11T21:29:35","slug":"11-decembre-2019-larmee-salue-la-memoire-de-ses-heros","status":"publish","type":"post","link":"https:\/\/linitiative.ca\/International\/11-decembre-2019-larmee-salue-la-memoire-de-ses-heros\/","title":{"rendered":"11-D\u00e9cembre 2019  : l\u2019arm\u00e9e salue la m\u00e9moire  de ses h\u00e9ros"},"content":{"rendered":"<div class=\"td-post-featured-image\"><a href=\"https:\/\/i0.wp.com\/www.sidwaya.info\/wp-content\/uploads\/2019\/12\/1-23.jpg?fit=595%2C397&#038;ssl=1\" data-caption=\"\"><img loading=\"lazy\" decoding=\"async\" width=\"595\" height=\"397\" class=\"entry-thumb td-modal-image\" src=\"https:\/\/i0.wp.com\/www.sidwaya.info\/wp-content\/uploads\/2019\/12\/1-23.jpg?resize=595%2C397&#038;ssl=1\" srcset=\"https:\/\/i0.wp.com\/www.sidwaya.info\/wp-content\/uploads\/2019\/12\/1-23.jpg?w=595&#038;ssl=1 595w, https:\/\/i0.wp.com\/www.sidwaya.info\/wp-content\/uploads\/2019\/12\/1-23.jpg?resize=300%2C200&#038;ssl=1 300w\" sizes=\"auto, (max-width: 595px) 100vw, 595px\" alt=\"\" title=\"1\"\/><\/a><\/div>\n<p><strong>Les Forces arm\u00e9es nationales ont rendu, le mardi 10 d\u00e9cembre 2019 \u00e0 Tenkodogo, \u00e0 l\u2019occasion d\u2019une retraite aux flambeaux, un vibrant hommage aux hommes et femmes tomb\u00e9s pour la patrie.<\/strong><\/p>\n<p>La place de la Nation de Tenkodogo \u00e9tait noire de monde en cette soir\u00e9e du mardi 10 d\u00e9cembre 2019. Quelque 625 militaires et paramilitaires en rangs serr\u00e9s et plusieurs responsables de l\u2019arm\u00e9e dont le chef d\u2019Etat-major g\u00e9n\u00e9ral des arm\u00e9es, le g\u00e9n\u00e9ral Mo\u00efse Miningou et le commandant de la brigade nationale des sapeurs-pompiers, le colonel Ernest Kisb\u00e9do sont pr\u00e9sents. A l\u2019ext\u00e9rieur de la place, des centaines de civils scrutaient religieusement les moindres faits et gestes de la grande muette. Apr\u00e8s les consignes de s\u00e9curit\u00e9 livr\u00e9es par le capitaine G\u00e9rard Bambara, le top d\u00e9part de la retraite aux flambeaux a \u00e9t\u00e9 donn\u00e9 par le g\u00e9n\u00e9ral Miningou. C\u2019est ainsi que les rangs commencent \u00e0 se d\u00e9tacher les uns apr\u00e8s les autres, la fanfare militaire en t\u00eate.<\/p>\n<div class=\"td-a-rec td-a-rec-id-content_inline tdi_30_166 td_block_template_1\"><a href=\"https:\/\/www.sidwaya.info\/wp-content\/uploads\/2019\/12\/Bandeau-11-De%CC%81cembre-3.jpg\"><img loading=\"lazy\" decoding=\"async\" src=\"https:\/\/www.sidwaya.info\/wp-content\/uploads\/2019\/12\/Bandeau-11-De%CC%81cembre-3.jpg\" alt=\"\" width=\"720\" height=\"90\" class=\"aligncenter size-full wp-image-17180\"\/><\/a><\/div>\n<p>D\u2019un pas ferme, les visages graves, les flambeaux en main, les soldats ont boucl\u00e9 2,9 km sur la principale art\u00e8re de Tenkodogo. L\u2019admiration et la curiosit\u00e9 se lisaient sur les visages des populations, mass\u00e9es aux abords de la voie. Une fois de retour \u00e0 la place de la Nation, le chef d\u2019\u00e9tat-major g\u00e9n\u00e9ral des arm\u00e9es est revenu sur le sens de la manifestation. \u00abLa retraite aux flambeaux, c\u2019est une mani\u00e8re de rendre hommage \u00e0 nos devanciers, \u00e0 ceux qui, au cours du combat pour l\u2019int\u00e9grit\u00e9 du territoire et pour la paix, sont tomb\u00e9s avant nous. Pour comm\u00e9morer l\u2019anniversaire, nous ne pouvons pas les oublier\u00bb, a expliqu\u00e9 l\u2019officier. A plusieurs reprises, il a salu\u00e9 la discipline et l\u2019ordre qui ont caract\u00e9ris\u00e9 la marche avant de demander aux jeunes recrues de maintenir cet esprit, gage, selon lui, d\u2019une arm\u00e9e forte.<\/p>\n<p>Situation s\u00e9curitaire oblige, le g\u00e9n\u00e9ral a rendu un vibrant hommage aux soldats tomb\u00e9s dans la lutte contre le terrorisme. Il a exprim\u00e9 toute sa fiert\u00e9 pour ceux qui sont pr\u00e9sentement au front. De son avis, la victoire est certaine, malgr\u00e9 la perte de quelques batailles. \u00abVous voyez que la tendance a un peu chang\u00e9. Nous allons gagner. Je dis \u00e0 tous les Burkinab\u00e8\u00a0: soyez sereins.<\/p>\n<p>Ne vous laissez pas embobiner par ceux qui pr\u00e9disent tout le mal pour le Burkina Faso. Tous ceux qui aiment le Burkina Faso doivent \u00eatre confiants\u00bb, a indiqu\u00e9 le g\u00e9n\u00e9ral. Mo\u00efse Miningou ne partage pas la position de certaines chancelleries occidentales qui ont \u00e9lev\u00e9 r\u00e9cemment l\u2019alerte au niveau maximal, quant \u00e0 la d\u00e9gradation de la situation s\u00e9curitaire au Burkina Faso. \u00abJe demande \u00e0 tout le monde d\u2019\u00eatre confiant. C\u2019est vrai qu\u2019on a mis du rouge partout. Mais ceux qui viennent au Burkina Faso, savent que ce n\u2019est pas du vrai rouge. Parce que nous sommes l\u00e0 et nous serons toujours l\u00e0 gr\u00e2ce au Tout-Puissant\u00bb.<\/p>\n<p class=\"c1\"><strong>Tilado Apollinaire ABGA<\/strong><br \/><strong>abgatilado@yahoo.fr<\/strong><\/p>\n<div class=\"td-a-rec td-a-rec-id-content_bottom tdi_31_6f3 td_block_template_1\"><img loading=\"lazy\" decoding=\"async\" class=\"aligncenter size-full wp-image-9623\" src=\"https:\/\/www.sidwaya.info\/wp-content\/uploads\/2019\/06\/Projet-bannie%CC%80re-Orange-mobile.jpg\" alt=\"\" width=\"728\" height=\"81\"\/><\/div>\n<p>Auteur: JK. Sidwaya<br \/>\n<a href=\"https:\/\/www.sidwaya.info\/blog\/2019\/12\/11\/11-decembre-2019-larmee-salue-la-memoire-de-ses-heros\/\">Cliquez ici pour lire l&rsquo;article depuis sa source.<\/a><\/p>\n","protected":false},"excerpt":{"rendered":"<p>Les Forces arm\u00e9es nationales ont rendu, le mardi 10 d\u00e9cembre 2019 \u00e0 Tenkodogo, \u00e0 l\u2019occasion d\u2019une retraite aux flambeaux, un vibrant hommage aux hommes et femmes tomb\u00e9s pour la patrie. La place de la Nation de Tenkodogo \u00e9tait noire de monde en cette soir\u00e9e du mardi 10 d\u00e9cembre 2019. Quelque 625 militaires et paramilitaires en [&hellip;]<\/p>\n","protected":false},"author":1816,"featured_media":0,"comment_status":"closed","ping_status":"closed","sticky":false,"template":"","format":"standard","meta":{"fifu_image_url":"","fifu_image_alt":"","footnotes":""},"categories":[73,81],"tags":[],"class_list":["post-69957","post","type-post","status-publish","format-standard","hentry","category-actualite","category-burkina-faso"],"_links":{"self":[{"href":"https:\/\/linitiative.ca\/International\/wp-json\/wp\/v2\/posts\/69957","targetHints":{"allow":["GET"]}}],"collection":[{"href":"https:\/\/linitiative.ca\/International\/wp-json\/wp\/v2\/posts"}],"about":[{"href":"https:\/\/linitiative.ca\/International\/wp-json\/wp\/v2\/types\/post"}],"author":[{"embeddable":true,"href":"https:\/\/linitiative.ca\/International\/wp-json\/wp\/v2\/users\/1816"}],"replies":[{"embeddable":true,"href":"https:\/\/linitiative.ca\/International\/wp-json\/wp\/v2\/comments?post=69957"}],"version-history":[{"count":0,"href":"https:\/\/linitiative.ca\/International\/wp-json\/wp\/v2\/posts\/69957\/revisions"}],"wp:attachment":[{"href":"https:\/\/linitiative.ca\/International\/wp-json\/wp\/v2\/media?parent=69957"}],"wp:term":[{"taxonomy":"category","embeddable":true,"href":"https:\/\/linitiative.ca\/International\/wp-json\/wp\/v2\/categories?post=69957"},{"taxonomy":"post_tag","embeddable":true,"href":"https:\/\/linitiative.ca\/International\/wp-json\/wp\/v2\/tags?post=69957"}],"curies":[{"name":"wp","href":"https:\/\/api.w.org\/{rel}","templated":true}]}}