{"id":69958,"date":"2019-12-11T16:31:23","date_gmt":"2019-12-11T21:31:23","guid":{"rendered":"https:\/\/linitiative.ca\/International\/un-siecle-de-sacrifices-a-preserver\/"},"modified":"2019-12-11T16:31:23","modified_gmt":"2019-12-11T21:31:23","slug":"un-siecle-de-sacrifices-a-preserver","status":"publish","type":"post","link":"https:\/\/linitiative.ca\/International\/un-siecle-de-sacrifices-a-preserver\/","title":{"rendered":"Un si\u00e8cle de sacrifices \u00e0 pr\u00e9server\u00a0!"},"content":{"rendered":"<div class=\"td-post-featured-image\"><a href=\"https:\/\/i1.wp.com\/www.sidwaya.info\/wp-content\/uploads\/2019\/12\/autre-regard.jpg?fit=709%2C510&#038;ssl=1\" data-caption=\"\"><img loading=\"lazy\" decoding=\"async\" width=\"696\" height=\"501\" class=\"entry-thumb td-modal-image\" src=\"https:\/\/i1.wp.com\/www.sidwaya.info\/wp-content\/uploads\/2019\/12\/autre-regard.jpg?resize=696%2C501&#038;ssl=1\" srcset=\"https:\/\/i1.wp.com\/www.sidwaya.info\/wp-content\/uploads\/2019\/12\/autre-regard.jpg?w=709&#038;ssl=1 709w, https:\/\/i1.wp.com\/www.sidwaya.info\/wp-content\/uploads\/2019\/12\/autre-regard.jpg?resize=300%2C216&#038;ssl=1 300w, https:\/\/i1.wp.com\/www.sidwaya.info\/wp-content\/uploads\/2019\/12\/autre-regard.jpg?resize=696%2C501&#038;ssl=1 696w, https:\/\/i1.wp.com\/www.sidwaya.info\/wp-content\/uploads\/2019\/12\/autre-regard.jpg?resize=584%2C420&#038;ssl=1 584w\" sizes=\"auto, (max-width: 696px) 100vw, 696px\" alt=\"\" title=\"autre regard\"\/><\/a><\/div>\n<p>Le peuple burkinab\u00e8 a comm\u00e9mor\u00e9, hier 11 d\u00e9cembre 2019, les 100 ans de la cr\u00e9ation de son pays, autrefois Haute-Volta et le 59e anniversaire de son accession \u00e0 la souverainet\u00e9 nationale et internationale sous le th\u00e8me\u00a0: \u00abCent ans de la cr\u00e9ation du Burkina Faso : devoir de m\u00e9moire et engagement patriotique en vue de la consolidation de l\u2019Etat-nation\u00bb. Des grandes r\u00e9voltes contre l\u2019oppression coloniale \u00e0 la cr\u00e9ation de la colonie de Haute-Volta, le 1er mars 1919 \u00e0 nos jours, en passant par sa dislocation en 1932, sa reconstitution en 1947, l\u2019ind\u00e9pendance du pays en 1960 et le changement d\u2019appellation en 1984 (Burkina Faso), l\u2019histoire du pays nous enseigne que sa consolidation a \u00e9t\u00e9 marqu\u00e9e par un sursaut patriotique spontan\u00e9 et une d\u00e9termination constante afin de r\u00e9server aux g\u00e9n\u00e9rations \u00e0 venir, une nation r\u00e9siliente et digne d\u2019o\u00f9 le nom pays des Hommes int\u00e8gres.<br \/>Le hic, c\u2019est qu\u2019au moment o\u00f9 les Hommes int\u00e8gres f\u00eatent cet h\u00e9ritage vieux d\u2019un si\u00e8cle, leur Nation vit l\u2019une des \u00e9tapes les plus sombres de son parcours. En effet, jamais, autant de Forces de d\u00e9fense et de s\u00e9curit\u00e9 (FDS) et de civils ne sont tomb\u00e9s face \u00e0 un ennemi inconnu et invisible dans une violence inou\u00efe.<\/p>\n<p>A cette guerre asym\u00e9trique sans merci, s\u2019ajoutent une fronde sociale \u00e0 son pic et un front politique sans piti\u00e9. A cette allure, que va-t-on r\u00e9server aux g\u00e9n\u00e9rations futures, si l\u2019on sait que l\u2019ennemi menace la Nation jusque dans son fondement, son int\u00e9grit\u00e9 territoriale ? Qu\u2019avons-nous fait de l\u2019h\u00e9ritage de patriotisme, d\u2019engagement collectif et d\u2019union sacr\u00e9e pour d\u00e9fendre l\u2019int\u00e9r\u00eat g\u00e9n\u00e9ral que nos devanciers nous ont l\u00e9gu\u00e9 ? Sommes-nous s\u00fbrs de pouvoir transmettre aux g\u00e9n\u00e9rations montantes et futures cette dignit\u00e9, cette bravoure et cette communaut\u00e9 de destin dont nous nous ventons ?<\/p>\n<div class=\"td-a-rec td-a-rec-id-content_inline tdi_30_8ff td_block_template_1\"><a href=\"https:\/\/www.sidwaya.info\/wp-content\/uploads\/2019\/12\/Bandeau-11-De%CC%81cembre-3.jpg\"><img loading=\"lazy\" decoding=\"async\" src=\"https:\/\/www.sidwaya.info\/wp-content\/uploads\/2019\/12\/Bandeau-11-De%CC%81cembre-3.jpg\" alt=\"\" width=\"720\" height=\"90\" class=\"aligncenter size-full wp-image-17180\"\/><\/a><\/div>\n<p>Quand les grandes nations sont prises \u00e0 partie, ses fils et filles ont toujours su faire fi de leurs divergences et querelles intestines, pour faire face \u00e0 l\u2019ennemi commun. Parce que \u00abPersonne n\u2019a d\u2019avenir dans un pays qui n\u2019en a pas\u00bb, comme le disait sous forme de slogan, l\u2019\u00e9m\u00e9rite journaliste d\u2019investigation Norbert Zongo. Cette v\u00e9rit\u00e9 et cet appel \u00e0 la responsabilit\u00e9 individuelle et collective des Burkinab\u00e8 est d\u2019autant plus d\u2019actualit\u00e9 que l\u2019avenir de la Nation est menac\u00e9e. Elle doit \u00eatre comprise par tous parce que nos ambitions et projets personnels sont appel\u00e9s \u00e0 mourir au pied de l\u2019ins\u00e9curit\u00e9, si rien n\u2019est fait. Il suffit de penser \u00e0 la situation des d\u00e9plac\u00e9s internes pour s\u2019en convaincre.<\/p>\n<p>Il est donc temps pour chaque Burkinab\u00e8, au lieu d\u2019entonner l\u2019Hymne national comme n\u2019importe quelle autre chanson, le poing lev\u00e9, de scruter et de soupeser chacun des mots qui le composent, mais surtout de s\u2019inspirer de son sens profond comme la boussole de ses actions quotidiennes. Parce qu\u2019aujourd\u2019hui, le terrorisme qui frappe de fa\u00e7on aveugle le Burkina Faso n\u2019est rien d\u2019autre que la \u00abf\u00e9rule humiliante\u00bb, la \u00abrapacit\u00e9 venue de loin\u00bb et la \u00abcynique malice\u00bb. Le Ditany\u00e8 (hymne de la victoire) le dit si bien\u00a0: \u00ables \u00e9checs, les succ\u00e8s, la sueur et le sang ont fortifi\u00e9 notre peuple courageux\u00a0et fertilis\u00e9 sa lutte h\u00e9ro\u00efque\u00bb. C\u2019est dire que malgr\u00e9 cette adversit\u00e9, nous devons \u00eatre en mesure de nous surpasser, de nous r\u00e9concilier, pour pr\u00e9server notre communaut\u00e9 de destin, notre vivre-ensemble.<br \/>A d\u00e9faut, l\u2019histoire retiendra que nous avons failli \u00e0 notre devoir et \u00e0 notre responsabilit\u00e9, incapables que nous avons \u00e9t\u00e9, de servir de courroie de transmission d\u2019un pr\u00e9cieux tr\u00e9sor, vieux de 100 ans que les g\u00e9n\u00e9rations successives ont jusque-l\u00e0 jalousement pr\u00e9serv\u00e9 et transmis \u00e0 leurs successeurs. Les Burkinab\u00e8 de demain y ont droit.<\/p>\n<p class=\"c1\"><strong>Jean-Marie TOE<\/strong><br \/><strong>jmt16j@gmail.com<\/strong><\/p>\n<div class=\"td-a-rec td-a-rec-id-content_bottom tdi_31_117 td_block_template_1\"><img loading=\"lazy\" decoding=\"async\" class=\"aligncenter size-full wp-image-9623\" src=\"https:\/\/www.sidwaya.info\/wp-content\/uploads\/2019\/06\/Projet-bannie%CC%80re-Orange-mobile.jpg\" alt=\"\" width=\"728\" height=\"81\"\/><\/div>\n<p>Auteur: JK. Sidwaya<br \/>\n<a href=\"https:\/\/www.sidwaya.info\/blog\/2019\/12\/11\/un-siecle-de-sacrifices-a-preserver\/\">Cliquez ici pour lire l&rsquo;article depuis sa source.<\/a><\/p>\n","protected":false},"excerpt":{"rendered":"<p>Le peuple burkinab\u00e8 a comm\u00e9mor\u00e9, hier 11 d\u00e9cembre 2019, les 100 ans de la cr\u00e9ation de son pays, autrefois Haute-Volta et le 59e anniversaire de son accession \u00e0 la souverainet\u00e9 nationale et internationale sous le th\u00e8me\u00a0: \u00abCent ans de la cr\u00e9ation du Burkina Faso : devoir de m\u00e9moire et engagement patriotique en vue de la [&hellip;]<\/p>\n","protected":false},"author":1816,"featured_media":0,"comment_status":"closed","ping_status":"closed","sticky":false,"template":"","format":"standard","meta":{"fifu_image_url":"","fifu_image_alt":"","footnotes":""},"categories":[73,81],"tags":[],"class_list":["post-69958","post","type-post","status-publish","format-standard","hentry","category-actualite","category-burkina-faso"],"_links":{"self":[{"href":"https:\/\/linitiative.ca\/International\/wp-json\/wp\/v2\/posts\/69958","targetHints":{"allow":["GET"]}}],"collection":[{"href":"https:\/\/linitiative.ca\/International\/wp-json\/wp\/v2\/posts"}],"about":[{"href":"https:\/\/linitiative.ca\/International\/wp-json\/wp\/v2\/types\/post"}],"author":[{"embeddable":true,"href":"https:\/\/linitiative.ca\/International\/wp-json\/wp\/v2\/users\/1816"}],"replies":[{"embeddable":true,"href":"https:\/\/linitiative.ca\/International\/wp-json\/wp\/v2\/comments?post=69958"}],"version-history":[{"count":0,"href":"https:\/\/linitiative.ca\/International\/wp-json\/wp\/v2\/posts\/69958\/revisions"}],"wp:attachment":[{"href":"https:\/\/linitiative.ca\/International\/wp-json\/wp\/v2\/media?parent=69958"}],"wp:term":[{"taxonomy":"category","embeddable":true,"href":"https:\/\/linitiative.ca\/International\/wp-json\/wp\/v2\/categories?post=69958"},{"taxonomy":"post_tag","embeddable":true,"href":"https:\/\/linitiative.ca\/International\/wp-json\/wp\/v2\/tags?post=69958"}],"curies":[{"name":"wp","href":"https:\/\/api.w.org\/{rel}","templated":true}]}}