{"id":69962,"date":"2019-12-11T15:50:03","date_gmt":"2019-12-11T20:50:03","guid":{"rendered":"https:\/\/linitiative.ca\/International\/mario-sandoval-le-boucher-de-la-dictature-argentine\/"},"modified":"2019-12-11T15:50:03","modified_gmt":"2019-12-11T20:50:03","slug":"mario-sandoval-le-boucher-de-la-dictature-argentine","status":"publish","type":"post","link":"https:\/\/linitiative.ca\/International\/mario-sandoval-le-boucher-de-la-dictature-argentine\/","title":{"rendered":"Mario Sandoval, le \u00ab\u00a0boucher\u00a0\u00bb de la dictature argentine"},"content":{"rendered":"<div readability=\"32\">\n<p>Publi\u00e9 le 11.12.2019 \u00e0 21h50 par AFP<\/p>\n<\/div>\n<div readability=\"142\">\n<p>En Argentine, Mario Sandoval, arr\u00eat\u00e9 mercredi en banlieue parisienne en vue d\u2019\u00eatre extrad\u00e9, \u00e9tait surnomm\u00e9 \u00ab\u00a0churrasco\u00a0\u00bb, le nom local pour d\u00e9signer le steak. L\u2019ancien policier est soup\u00e7onn\u00e9 d\u2019avoir particip\u00e9 \u00e0 plus de 500 affaires de meurtres, de tortures et d\u2019enl\u00e8vements durant la dictature argentine (1976-1983).<\/p>\n<p>La justice argentine s\u2019est appuy\u00e9e sur le dossier d\u2019Hernan Abriata pour demander son extradition. Cet \u00e9tudiant en architecture fut d\u00e9tenu \u00e0 l\u2019\u00c9cole de m\u00e9canique de la marine (ESMA), un centre de torture du r\u00e9gime militaire par lequel sont pass\u00e9es quelque 5.000 personnes et qui ont disparu, souvent jet\u00e9es depuis des avions dans le Rio de la Plata.<\/p>\n<p>Au soir du 30 octobre 1976, on sonne \u00e0 la porte de la famille Abriata \u00e0 Buenos Aires. En ouvrant, les parents d\u00e9couvrent un homme en uniforme, qui se pr\u00e9sente comme \u00ab\u00a0Sandoval, de la Coordination f\u00e9d\u00e9rale\u00a0\u00bb, une police politique \u00e0 la sinistre r\u00e9putation, charg\u00e9e des enl\u00e8vements et des tortures.<\/p>\n<p>\u00ab\u00a0C\u2019est une proc\u00e9dure de routine\u00a0\u00bb, aurait affirm\u00e9 cet homme, selon les proches du jeune Hernan. Ils ne le reverront plus.<\/p>\n<p>Carlos Loza, un co-d\u00e9tenu d\u2019Hernan Abriata \u00e0 l\u2019ESMA, a d\u00e9clar\u00e9 au juge que l\u2019\u00e9tudiant avait \u00e9t\u00e9 \u00ab\u00a0tortur\u00e9\u00a0\u00bb et que la derni\u00e8re fois qu\u2019il l\u2019avait vu ce \u00ab\u00a0fut entre le 4 et le 5 janvier 1977\u00a0\u00bb, lorsqu\u2019il avait \u00e9t\u00e9 \u00ab\u00a0transf\u00e9r\u00e9\u00a0\u00bb, c\u2019est \u00e0 dire ex\u00e9cut\u00e9.<\/p>\n<p>Le surnom \u00ab\u00a0Churrasco\u00a0\u00bb (\u00ab\u00a0Steak\u00a0\u00bb, qui fait r\u00e9f\u00e9rence \u00e0 la torture des victimes \u00e0 l\u2019\u00e9lectricit\u00e9 sur un sommier un m\u00e9tal) revient souvent dans les t\u00e9moignages de survivants de l\u2019ESMA.<\/p>\n<p>\u2013 \u00ab\u00a0Homonymie\u00a0\u00bb \u2013<\/p>\n<p>Arriv\u00e9 en France en 1985, l\u2019ancien policier a obtenu la nationalit\u00e9 fran\u00e7aise en 1997, ce qui n\u2019emp\u00eache pas son extradition car il n\u2019\u00e9tait pas Fran\u00e7ais \u00e0 l\u2019\u00e9poque des faits.<\/p>\n<p>L\u2019Argentine r\u00e9clame son extradition depuis 2012. Mercredi, le Conseil d\u2019Etat, la plus haute juridiction administrative fran\u00e7aise, a valid\u00e9 l\u2019extradition vers l\u2019Argentine de cet ancien fonctionnaire. L\u2019homme de 66 ans, aux cheveux courts et au teint mat, a \u00e9t\u00e9 arr\u00eat\u00e9 un peu plus tard et devrait \u00eatre extrad\u00e9 \u00ab\u00a0dans un d\u00e9lai maximum de sept jours\u00a0\u00bb, selon la gendarmerie.<\/p>\n<p>\u00ab\u00a0Je ne suis pas le Sandoval que vous recherchez\u00a0\u00bb, d\u00e9clare-t-il aux policiers fran\u00e7ais la premi\u00e8re fois qu\u2019ils \u00e9taient venu l\u2019interpeller, \u00e0 la demande du juge argentin Sergio Torres.<\/p>\n<p>En 2012, ce franco-argentin avait accus\u00e9 de diffamation ou de complicit\u00e9 de diffamation plusieurs m\u00e9dias fran\u00e7ais, dont France info et Marianne, \u00e0 la suite de la publication en 2008 d\u2019informations sur son r\u00f4le suppos\u00e9 sous la dictature argentine. Plaidant l\u2019homonymie, il avait saisi Tribunal de grande instance d\u2019Auxerre.<\/p>\n<p>\u00ab\u00a0Je suis victime d\u2019une campagne de diffamation\u00a0\u00bb, avait-il plaid\u00e9. Il avait finalement \u00e9t\u00e9 d\u00e9bout\u00e9.<\/p>\n<p>Discret, il avait reconstruit une nouvelle vie en France, sans cacher son nom et pr\u00e9nom. Il \u00e9tait consultant sp\u00e9cialis\u00e9 dans les questions de d\u00e9fense et de s\u00e9curit\u00e9.<\/p>\n<p>Mario Sandoval avait \u00e9galement enseign\u00e9 \u00e0 l\u2019Institut de hautes \u00e9tudes de l\u2019Am\u00e9rique latine (IHEAL), \u00e0 Paris, et \u00e0 l\u2019universit\u00e9 de Marne-La-Vall\u00e9e en banlieue parisienne.<\/p>\n<p>Personne n\u2019\u00e9tait au courant de son pass\u00e9, jusqu\u2019\u00e0 ce que quelqu\u2019un le reconnaisse sur une photo. Les enseignants des deux institutions avaient r\u00e9dig\u00e9 une lettre ouverte pour demander son extradition.<\/p>\n<p>\u00ab\u00a0L\u2019action de la justice est indispensable pour conna\u00eetre la v\u00e9rit\u00e9 et ainsi \u00e9viter qu\u2019une personne responsable de crimes contre l\u2019humanit\u00e9 puisse enseigner dans une institution publique, ce qui est incompatible avec l\u2019\u00e9thique de l\u2019universit\u00e9\u00a0\u00bb, \u00e9crivaient notamment en 2017 les membres de l\u2019IHEAL.<\/p>\n<p>\u00ab\u00a0C\u2019\u00e9tait un type tr\u00e8s \u00e9trange, il faisait du renseignement. C\u2019\u00e9tait un de ceux les mieux form\u00e9s intellectuellement au sein de l\u2019ESMA. (Mais) s\u2019il pouvait te buter, il te butait\u00a0\u00bb, a t\u00e9moign\u00e9 un autre survivant de ce centre de torture, Alfredo Buzzalino.<\/p>\n<\/div>\n<p>Auteur: AFP<br \/>\n<a href=\"https:\/\/www.journalducameroun.com\/mario-sandoval-le-boucher-de-la-dictature-argentine\/\">Cliquez ici pour lire l&rsquo;article depuis sa source.<\/a><\/p>\n","protected":false},"excerpt":{"rendered":"<p>Publi\u00e9 le 11.12.2019 \u00e0 21h50 par AFP En Argentine, Mario Sandoval, arr\u00eat\u00e9 mercredi en banlieue parisienne en vue d\u2019\u00eatre extrad\u00e9, \u00e9tait surnomm\u00e9 \u00ab\u00a0churrasco\u00a0\u00bb, le nom local pour d\u00e9signer le steak. L\u2019ancien policier est soup\u00e7onn\u00e9 d\u2019avoir particip\u00e9 \u00e0 plus de 500 affaires de meurtres, de tortures et d\u2019enl\u00e8vements durant la dictature argentine (1976-1983). La justice argentine [&hellip;]<\/p>\n","protected":false},"author":1965,"featured_media":0,"comment_status":"closed","ping_status":"closed","sticky":false,"template":"","format":"standard","meta":{"fifu_image_url":"","fifu_image_alt":"","footnotes":""},"categories":[73,82],"tags":[],"class_list":["post-69962","post","type-post","status-publish","format-standard","hentry","category-actualite","category-cameroun"],"_links":{"self":[{"href":"https:\/\/linitiative.ca\/International\/wp-json\/wp\/v2\/posts\/69962","targetHints":{"allow":["GET"]}}],"collection":[{"href":"https:\/\/linitiative.ca\/International\/wp-json\/wp\/v2\/posts"}],"about":[{"href":"https:\/\/linitiative.ca\/International\/wp-json\/wp\/v2\/types\/post"}],"author":[{"embeddable":true,"href":"https:\/\/linitiative.ca\/International\/wp-json\/wp\/v2\/users\/1965"}],"replies":[{"embeddable":true,"href":"https:\/\/linitiative.ca\/International\/wp-json\/wp\/v2\/comments?post=69962"}],"version-history":[{"count":0,"href":"https:\/\/linitiative.ca\/International\/wp-json\/wp\/v2\/posts\/69962\/revisions"}],"wp:attachment":[{"href":"https:\/\/linitiative.ca\/International\/wp-json\/wp\/v2\/media?parent=69962"}],"wp:term":[{"taxonomy":"category","embeddable":true,"href":"https:\/\/linitiative.ca\/International\/wp-json\/wp\/v2\/categories?post=69962"},{"taxonomy":"post_tag","embeddable":true,"href":"https:\/\/linitiative.ca\/International\/wp-json\/wp\/v2\/tags?post=69962"}],"curies":[{"name":"wp","href":"https:\/\/api.w.org\/{rel}","templated":true}]}}