{"id":69963,"date":"2019-12-11T15:50:06","date_gmt":"2019-12-11T20:50:06","guid":{"rendered":"https:\/\/linitiative.ca\/International\/niger-larmee-frappee-par-lattaque-jihadiste-la-plus-meurtriere-dans-le-pays-plus-de-60-morts\/"},"modified":"2019-12-11T15:50:06","modified_gmt":"2019-12-11T20:50:06","slug":"niger-larmee-frappee-par-lattaque-jihadiste-la-plus-meurtriere-dans-le-pays-plus-de-60-morts","status":"publish","type":"post","link":"https:\/\/linitiative.ca\/International\/niger-larmee-frappee-par-lattaque-jihadiste-la-plus-meurtriere-dans-le-pays-plus-de-60-morts\/","title":{"rendered":"Niger: l\u2019arm\u00e9e frapp\u00e9e par l\u2019attaque jihadiste la plus meurtri\u00e8re dans le pays, plus de 60 morts"},"content":{"rendered":"<div readability=\"32\">\n<p>Publi\u00e9 le 11.12.2019 \u00e0 21h50 par AFP<\/p>\n<\/div>\n<div readability=\"132\">\n<p>L\u2019arm\u00e9e nig\u00e9rienne a subi ses plus lourdes pertes depuis qu\u2019elle est confront\u00e9e au d\u00e9fi jihadiste, lorsque le camp d\u2019Inates, dans l\u2019Ouest, pr\u00e8s de la fronti\u00e8re avec le Mali, a \u00e9t\u00e9 attaqu\u00e9 mardi.<\/p>\n<p>\u00ab\u00a0L\u2019attaque a fait plus de 60 morts. Les terroristes ont pilonn\u00e9 le camp \u00e0 l\u2019aide d\u2019obus et de mortiers. Les explosions des munitions et de carburant sont surtout \u00e0 l\u2019origine de ce bilan tr\u00e8s lourd\u00a0\u00bb, a indiqu\u00e9 mercredi \u00e0 l\u2019AFP une source s\u00e9curitaire.<\/p>\n<p>L\u2019ampleur des pertes subies a \u00e9t\u00e9 ressentie jusqu\u2019au sommet de l\u2019Etat.<\/p>\n<p>\u00ab\u00a0Le pr\u00e9sident de la R\u00e9publique, chef supr\u00eame des arm\u00e9es, Issoufou Mahamadou, a interrompu sa participation \u00e0 la Conf\u00e9rence sur la paix durable, la s\u00e9curit\u00e9 et le d\u00e9veloppement en Afrique qui se tient en \u00c9gypte, pour rentrer \u00e0 Niamey suite au drame survenu \u00e0 #Inates\u00a0\u00bb, a indiqu\u00e9 la pr\u00e9sidence sur twitter.<\/p>\n<p>Cette attaque est la plus meurtri\u00e8re depuis le d\u00e9but de l\u2019offensive jihadiste au Niger, en 2015. Au-del\u00e0 de ce pays, c\u2019est tout le Sahel \u2013 en particulier le Mali, le Niger et le Burkina -, qui est vis\u00e9 par les assauts de plus en plus audacieux de groupes islamistes arm\u00e9s, en d\u00e9pit de la pr\u00e9sence des militaires fran\u00e7ais de la force antiterroriste Barkhane.<\/p>\n<p>Au Mali, trois attaques jihadistes de grande ampleur ont tu\u00e9 pr\u00e8s de 150 soldats cet automne, provoquant un v\u00e9ritable traumatisme.<\/p>\n<p>Le Burkina avait perdu 24 militaires en ao\u00fbt, dans un assaut contre la base de Koutougou, \u00e9galement pr\u00e8s de la fronti\u00e8re malienne.<\/p>\n<p>Inates se situe au coeur d\u2019une r\u00e9gion en proie \u00e0 la contrebande et aux trafics. La base militaire y avait d\u00e9j\u00e0 \u00e9t\u00e9 cibl\u00e9e le 1er juillet quand 18 soldats nig\u00e9riens y avaient perdu la vie, dans une attaque revendiqu\u00e9e par le groupe Etat islamique.<\/p>\n<p>Mardi, le conseil des ministres nig\u00e9riens avait prorog\u00e9 pour une p\u00e9riode de trois mois l\u2019\u00e9tat d\u2019urgence d\u00e9cr\u00e9t\u00e9 depuis 2017 dans plusieurs d\u00e9partements pour lutter contre les attaques jihadistes.<\/p>\n<p>\u2013 Sommet en France \u2013<\/p>\n<p>Cette mesure accorde des pouvoirs suppl\u00e9mentaires aux forces de s\u00e9curit\u00e9 sur les th\u00e9\u00e2tres des op\u00e9rations, dont celui d\u2019ordonner des perquisitions de nuit comme de jour dans un domicile. En outre, elle limite les d\u00e9placements dans les espaces concern\u00e9s.<\/p>\n<p>Depuis octobre, il est aussi formellement interdit aux organisations humanitaires de se rendre dans certaines zones sans escorte militaire.<\/p>\n<p>Cette attaque survient alors que le pr\u00e9sident fran\u00e7ais Emmanuel Macron a invit\u00e9 les pr\u00e9sidents du Mali, du Burkina Faso, du Niger, du Tchad et de la Mauritanie \u00e0 le retrouver le 16 d\u00e9cembre \u00e0 Pau, dans le sud-ouest de la France.<\/p>\n<p>C\u2019est dans cette ville qu\u2019\u00e9taient bas\u00e9s la majorit\u00e9 des 13 soldats fran\u00e7ais d\u00e9c\u00e9d\u00e9s le 25 novembre dans un accident d\u2019h\u00e9licopt\u00e8res au Mali.<\/p>\n<p>M. Macron souhaite davantage de \u00ab\u00a0clart\u00e9\u00a0\u00bb de la part de ses homologues sah\u00e9liens sur la pr\u00e9sence fran\u00e7aise au moment o\u00f9 celle-ci suscite une contestation grandissante, avec notamment des manifestations antifran\u00e7aises. Une partie de l\u2019opinion publique sah\u00e9lienne attribue la d\u00e9gradation s\u00e9curitaire \u00e0 la pr\u00e9sence m\u00eame des troupes \u00e9trang\u00e8res.<\/p>\n<p>En novembre, l\u2019\u00e9tat-major burkinab\u00e8 avait m\u00eame mis en garde les avions fran\u00e7ais qui survoleraient intempestivement son territoire.<\/p>\n<p>Le pr\u00e9sident fran\u00e7ais attend de ses h\u00f4tes qu\u2019ils \u00ab\u00a0assument\u00a0\u00bb publiquement aupr\u00e8s de leurs opinions le fait que les soldats fran\u00e7ais sont au Sahel \u00e0 la demande des pays concern\u00e9s, et non pas pour des \u00ab\u00a0vis\u00e9es n\u00e9ocoloniales\u00a0\u00bb.<\/p>\n<p>C\u2019est une \u00ab\u00a0condition n\u00e9cessaire\u00a0\u00bb et il tirera les cons\u00e9quences si elle n\u2019est pas remplie, a-t-il ajout\u00e9.<\/p>\n<p>Mais l\u2019invitation de l\u2019ancienne puissance coloniale peut sonner comme une \u00ab\u00a0convocation\u00a0\u00bb, selon plusieurs experts, qui regrettent qu\u2019Emmanuel macron n\u2019ait pas fait preuve de plus d\u2019\u00e9coute et de partage.<\/p>\n<\/div>\n<p>Auteur: AFP<br \/>\n<a href=\"https:\/\/www.journalducameroun.com\/niger-larmee-frappee-par-lattaque-jihadiste-la-plus-meurtriere-dans-le-pays-plus-de-60-morts\/\">Cliquez ici pour lire l&rsquo;article depuis sa source.<\/a><\/p>\n","protected":false},"excerpt":{"rendered":"<p>Publi\u00e9 le 11.12.2019 \u00e0 21h50 par AFP L\u2019arm\u00e9e nig\u00e9rienne a subi ses plus lourdes pertes depuis qu\u2019elle est confront\u00e9e au d\u00e9fi jihadiste, lorsque le camp d\u2019Inates, dans l\u2019Ouest, pr\u00e8s de la fronti\u00e8re avec le Mali, a \u00e9t\u00e9 attaqu\u00e9 mardi. \u00ab\u00a0L\u2019attaque a fait plus de 60 morts. Les terroristes ont pilonn\u00e9 le camp \u00e0 l\u2019aide d\u2019obus [&hellip;]<\/p>\n","protected":false},"author":1965,"featured_media":0,"comment_status":"closed","ping_status":"closed","sticky":false,"template":"","format":"standard","meta":{"fifu_image_url":"","fifu_image_alt":"","footnotes":""},"categories":[73,82],"tags":[],"class_list":["post-69963","post","type-post","status-publish","format-standard","hentry","category-actualite","category-cameroun"],"_links":{"self":[{"href":"https:\/\/linitiative.ca\/International\/wp-json\/wp\/v2\/posts\/69963","targetHints":{"allow":["GET"]}}],"collection":[{"href":"https:\/\/linitiative.ca\/International\/wp-json\/wp\/v2\/posts"}],"about":[{"href":"https:\/\/linitiative.ca\/International\/wp-json\/wp\/v2\/types\/post"}],"author":[{"embeddable":true,"href":"https:\/\/linitiative.ca\/International\/wp-json\/wp\/v2\/users\/1965"}],"replies":[{"embeddable":true,"href":"https:\/\/linitiative.ca\/International\/wp-json\/wp\/v2\/comments?post=69963"}],"version-history":[{"count":0,"href":"https:\/\/linitiative.ca\/International\/wp-json\/wp\/v2\/posts\/69963\/revisions"}],"wp:attachment":[{"href":"https:\/\/linitiative.ca\/International\/wp-json\/wp\/v2\/media?parent=69963"}],"wp:term":[{"taxonomy":"category","embeddable":true,"href":"https:\/\/linitiative.ca\/International\/wp-json\/wp\/v2\/categories?post=69963"},{"taxonomy":"post_tag","embeddable":true,"href":"https:\/\/linitiative.ca\/International\/wp-json\/wp\/v2\/tags?post=69963"}],"curies":[{"name":"wp","href":"https:\/\/api.w.org\/{rel}","templated":true}]}}