{"id":69964,"date":"2019-12-11T16:50:03","date_gmt":"2019-12-11T21:50:03","guid":{"rendered":"https:\/\/linitiative.ca\/International\/espagne-sanchez-charge-de-former-un-gouvernement\/"},"modified":"2019-12-11T16:50:03","modified_gmt":"2019-12-11T21:50:03","slug":"espagne-sanchez-charge-de-former-un-gouvernement","status":"publish","type":"post","link":"https:\/\/linitiative.ca\/International\/espagne-sanchez-charge-de-former-un-gouvernement\/","title":{"rendered":"Espagne: Sanchez charg\u00e9 de former un gouvernement"},"content":{"rendered":"<div readability=\"32\">\n<p>Publi\u00e9 le 11.12.2019 \u00e0 22h50 par AFP<\/p>\n<\/div>\n<div readability=\"98\">\n<p>Le socialiste Pedro Sanchez, vainqueur des l\u00e9gislatives de novembre en Espagne, a \u00e9t\u00e9 formellement charg\u00e9 mercredi par le roi Felipe VI de former un nouveau gouvernement m\u00eame s\u2019il ne compte pas encore les soutiens suffisants pour \u00eatre investi par les d\u00e9put\u00e9s.<\/p>\n<p>\u00ab\u00a0C\u2019est un mandat que j\u2019assume avec honneur, avec responsabilit\u00e9\u00a0\u00bb, a d\u00e9clar\u00e9 Pedro Sanchez devant la presse \u00e0 l\u2019issue de deux jours de consultations entre le roi et les dirigeants des partis repr\u00e9sent\u00e9s \u00e0 la Chambre des d\u00e9put\u00e9s.<\/p>\n<p>\u00ab\u00a0Les Espagnols sont fatigu\u00e9s des affrontements et des bagarres\u00a0\u00bb politiques, \u00ab\u00a0l\u2019Espagne a besoin d\u2019une p\u00e9riode de stabilit\u00e9\u00a0\u00bb, a-t-il ajout\u00e9 alors que la quatri\u00e8me \u00e9conomie de la zone euro est emp\u00eatr\u00e9e dans une instabilit\u00e9 chronique depuis 2015 et a connu depuis quatre \u00e9lections l\u00e9gislatives en quatre ans.<\/p>\n<p>M. Sanchez, arriv\u00e9 au pouvoir en juin 2018, est sorti vainqueur mais affaibli du scrutin du 10 novembre, qui a \u00e9t\u00e9 marqu\u00e9 par un bond du parti d\u2019extr\u00eame droite Vox, devenu la troisi\u00e8me force politique du pays.<\/p>\n<p>Le socialiste avait d\u00e9j\u00e0 remport\u00e9 le scrutin pr\u00e9c\u00e9dent du 28 avril mais avait \u00e9chou\u00e9 \u00e0 se faire reconduire au pouvoir, notamment en raison de son incapacit\u00e9 \u00e0 s\u2019entendre avec la gauche radicale de Podemos.<\/p>\n<p>Les socialistes du PSOE sont parvenus cette fois \u00e0 sceller un accord avec Podemos juste apr\u00e8s le scrutin de novembre en vue de former un gouvernement de coalition.<\/p>\n<p>Mais les deux formations restent loin de la majorit\u00e9 \u00e0 la Chambre des d\u00e9put\u00e9s, n\u00e9cessaire \u00e0 l\u2019investiture de M. Sanchez comme chef du gouvernement, et ont besoin de l\u2019appui d\u2019autres partis dont les ind\u00e9pendantistes catalans d\u2019ERC.<\/p>\n<p>Le PSOE et ERC n\u00e9gocient depuis plusieurs semaines mais sans succ\u00e8s pour le moment. ERC r\u00e9clame une n\u00e9gociation avec Madrid sur la crise en Catalogne dans le cadre de laquelle puisse \u00eatre abord\u00e9e la question d\u2019un r\u00e9f\u00e9rendum d\u2019autod\u00e9termination, ce dont le gouvernement central ne veut pas entendre parler.<\/p>\n<p>M. Sanchez, qui esp\u00e9rait initalement \u00eatre reconduit au pouvoir avant la fin de l\u2019ann\u00e9e, ne s\u2019est pas avanc\u00e9 mercredi \u00e0 donner une date pour la session d\u2019investiture \u00e0 la chambre des d\u00e9put\u00e9s.<\/p>\n<p>Et il n\u2019a pas voulu non plus donner de d\u00e9tails sur les n\u00e9gociations avec ERC. \u00ab\u00a0Elles doivent \u00eatre suffisamment discr\u00e8tes pour que nous puissions arriver \u00e0 un accord\u00a0\u00bb, a-t-il dit.<\/p>\n<p>La Catalogne, qui a \u00e9t\u00e9 au centre du d\u00e9bat lors du dernier scrutin, a \u00e9t\u00e9 secou\u00e9e par des manifestations, parfois violentes, apr\u00e8s la condamnation mi-octobre de neuf dirigeants s\u00e9paratistes, dont le pr\u00e9sident d\u2019ERC Oriol Junqueras, \u00e0 la prison pour leur r\u00f4le dans la tentative de s\u00e9cession de 2017.<\/p>\n<\/div>\n<p>Auteur: AFP<br \/>\n<a href=\"https:\/\/www.journalducameroun.com\/espagne-sanchez-charge-de-former-un-gouvernement\/\">Cliquez ici pour lire l&rsquo;article depuis sa source.<\/a><\/p>\n","protected":false},"excerpt":{"rendered":"<p>Publi\u00e9 le 11.12.2019 \u00e0 22h50 par AFP Le socialiste Pedro Sanchez, vainqueur des l\u00e9gislatives de novembre en Espagne, a \u00e9t\u00e9 formellement charg\u00e9 mercredi par le roi Felipe VI de former un nouveau gouvernement m\u00eame s\u2019il ne compte pas encore les soutiens suffisants pour \u00eatre investi par les d\u00e9put\u00e9s. \u00ab\u00a0C\u2019est un mandat que j\u2019assume avec honneur, [&hellip;]<\/p>\n","protected":false},"author":1965,"featured_media":0,"comment_status":"closed","ping_status":"closed","sticky":false,"template":"","format":"standard","meta":{"fifu_image_url":"","fifu_image_alt":"","footnotes":""},"categories":[73,82],"tags":[],"class_list":["post-69964","post","type-post","status-publish","format-standard","hentry","category-actualite","category-cameroun"],"_links":{"self":[{"href":"https:\/\/linitiative.ca\/International\/wp-json\/wp\/v2\/posts\/69964","targetHints":{"allow":["GET"]}}],"collection":[{"href":"https:\/\/linitiative.ca\/International\/wp-json\/wp\/v2\/posts"}],"about":[{"href":"https:\/\/linitiative.ca\/International\/wp-json\/wp\/v2\/types\/post"}],"author":[{"embeddable":true,"href":"https:\/\/linitiative.ca\/International\/wp-json\/wp\/v2\/users\/1965"}],"replies":[{"embeddable":true,"href":"https:\/\/linitiative.ca\/International\/wp-json\/wp\/v2\/comments?post=69964"}],"version-history":[{"count":0,"href":"https:\/\/linitiative.ca\/International\/wp-json\/wp\/v2\/posts\/69964\/revisions"}],"wp:attachment":[{"href":"https:\/\/linitiative.ca\/International\/wp-json\/wp\/v2\/media?parent=69964"}],"wp:term":[{"taxonomy":"category","embeddable":true,"href":"https:\/\/linitiative.ca\/International\/wp-json\/wp\/v2\/categories?post=69964"},{"taxonomy":"post_tag","embeddable":true,"href":"https:\/\/linitiative.ca\/International\/wp-json\/wp\/v2\/tags?post=69964"}],"curies":[{"name":"wp","href":"https:\/\/api.w.org\/{rel}","templated":true}]}}