{"id":69965,"date":"2019-12-11T17:18:03","date_gmt":"2019-12-11T22:18:03","guid":{"rendered":"https:\/\/linitiative.ca\/International\/aide-au-developpement-du-maroc-la-cour-des-comptes-europeenne-recommande-dameliorer-les-indicateurs-de-performance\/"},"modified":"2019-12-11T17:18:03","modified_gmt":"2019-12-11T22:18:03","slug":"aide-au-developpement-du-maroc-la-cour-des-comptes-europeenne-recommande-dameliorer-les-indicateurs-de-performance","status":"publish","type":"post","link":"https:\/\/linitiative.ca\/International\/aide-au-developpement-du-maroc-la-cour-des-comptes-europeenne-recommande-dameliorer-les-indicateurs-de-performance\/","title":{"rendered":"Aide au d\u00e9veloppement du Maroc : La Cour des comptes europ\u00e9enne recommande d\u2019am\u00e9liorer les indicateurs de performance"},"content":{"rendered":"<div readability=\"32\">\n<p>Publi\u00e9 le 11.12.2019 \u00e0 23h18 par APA News<\/p>\n<\/div>\n<div readability=\"102\">\n<p>La Cour des comptes europ\u00e9enne a recommand\u00e9 de concentrer l\u2019aide destin\u00e9e au Maroc sur un plus petit nombre de secteurs, d\u2019am\u00e9liorer les indicateurs de performance afin qu\u2019ils permettent une \u00e9valuation objective, de renforcer les proc\u00e9dures de contr\u00f4le relatives aux d\u00e9caissements, d\u2019intensifier le dialogue sectoriel et d\u2019accro\u00eetre la visibilit\u00e9 du soutien de l\u2019UE.Dans une analyse des aides vers\u00e9es directement par l\u2019UE sur le compte du Tr\u00e9sor public marocain pour la p\u00e9riode 2014-2018, les auditeurs de la Cour ont constat\u00e9 que \u00ab la gestion, par la Commission, des programmes d\u2019appui budg\u00e9taire en faveur du pays a p\u00e2ti de faiblesses dans la mani\u00e8re dont ils ont \u00e9t\u00e9 con\u00e7us, mis en \u0153uvre et suivis, ainsi qu\u2019en mati\u00e8re d\u2019\u00e9valuation des r\u00e9sultats \u00bb.<\/p>\n<p>Pour la p\u00e9riode 2014\u20112020, la Commission a programm\u00e9 1,4 milliard d\u2019euros d\u2019aide, principalement dans les\u00a0trois secteurs prioritaires que sont les services sociaux, l\u2019\u00e9tat de droit et la croissance durable.<\/p>\n<p>Fin 2018, elle avait conclu des contrats pour un montant de 562 millions d\u2019euros et vers\u00e9 pr\u00e8s de 206 millions d\u2019euros au titre de son instrument d\u2019appui budg\u00e9taire, qui vise \u00e0 promouvoir les r\u00e9formes et la r\u00e9alisation des objectifs de d\u00e9veloppement durable et repr\u00e9sente 75% des d\u00e9penses annuelles de l\u2019UE en faveur du Maroc.<\/p>\n<p>Si l\u2019appui budg\u00e9taire accord\u00e9 par l\u2019UE pour les secteurs prioritaires au Maroc de 2014 \u00e0 2018 a \u00e9t\u00e9 g\u00e9r\u00e9 efficacement par la Commission et si les objectifs ont \u00e9t\u00e9 atteints, les auditeurs se sont int\u00e9ress\u00e9s aux secteurs de la sant\u00e9, de la protection sociale, de la justice et du d\u00e9veloppement du secteur priv\u00e9.<\/p>\n<p>\u00ab L\u2019appui budg\u00e9taire de l\u2019UE en faveur du Maroc n\u2019a pas permis de soutenir suffisamment les r\u00e9formes du pays et peu de progr\u00e8s ont \u00e9t\u00e9 accomplis en ce qui concerne les principaux enjeux \u00bb, a d\u00e9clar\u00e9 Hannu Takkula, membre de la Cour des comptes europ\u00e9enne responsable du rapport.<\/p>\n<p>\u00abPour optimiser l\u2019impact des financements de l\u2019UE, la Commission devrait concentrer l\u2019aide sur un plus petit nombre de secteurs et renforcer le dialogue politique et sectoriel avec le Maroc \u00bb.<\/p>\n<p>La Commission a consid\u00e9r\u00e9 que l\u2019appui budg\u00e9taire \u00e9tait le bon instrument pour octroyer l\u2019aide au Maroc. Or, l\u2019appui budg\u00e9taire de l\u2019UE s\u2019\u00e9l\u00e8ve actuellement \u00e0 quelque 132 millions d\u2019euros par an, ce qui repr\u00e9sente environ 0,37% des d\u00e9penses budg\u00e9taires annuelles du Maroc.<\/p>\n<p>Concernant les trois secteurs prioritaires, la Cour a constat\u00e9 qu\u2019ils comportaient 13 sous-secteurs, dont beaucoup pouvaient eux-m\u00eames \u00eatre consid\u00e9r\u00e9s comme des secteurs \u00e0 part enti\u00e8re.<\/p>\n<p>\u00ab Les programmes sont actuellement toujours en cours, mais ils n\u2019ont pas produit d\u2019impact notable \u00e0 ce jour, \u00e9tant donn\u00e9 que moins de la moiti\u00e9 de leurs objectifs chiffr\u00e9s \u00e9taient atteints \u00e0 la fin de 2018. En outre, un certain nombre de ces objectifs n\u2019\u00e9taient pas suffisamment ambitieux pour soutenir de v\u00e9ritables r\u00e9formes, puisqu\u2019ils avaient parfois d\u00e9j\u00e0 \u00e9t\u00e9 atteints (ou \u00e9taient en passe de l\u2019\u00eatre) lorsque les conventions de financement ont \u00e9t\u00e9 sign\u00e9es \u00bb, affirment les auditeurs.<\/p>\n<p>La Cour a relev\u00e9 un manque de contr\u00f4les rigoureux lors de l\u2019\u00e9valuation des r\u00e9sultats ainsi que des paiements effectu\u00e9s alors que les valeurs cibles n\u2019avaient pas \u00e9t\u00e9 atteintes.<\/p>\n<\/div>\n<p>Auteur: APA News<br \/>\n<a href=\"https:\/\/www.journalducameroun.com\/aide-au-developpement-du-maroc-la-cour-des-comptes-europeenne-recommande-dameliorer-les-indicateurs-de-performance\/\">Cliquez ici pour lire l&rsquo;article depuis sa source.<\/a><\/p>\n","protected":false},"excerpt":{"rendered":"<p>Publi\u00e9 le 11.12.2019 \u00e0 23h18 par APA News La Cour des comptes europ\u00e9enne a recommand\u00e9 de concentrer l\u2019aide destin\u00e9e au Maroc sur un plus petit nombre de secteurs, d\u2019am\u00e9liorer les indicateurs de performance afin qu\u2019ils permettent une \u00e9valuation objective, de renforcer les proc\u00e9dures de contr\u00f4le relatives aux d\u00e9caissements, d\u2019intensifier le dialogue sectoriel et d\u2019accro\u00eetre la [&hellip;]<\/p>\n","protected":false},"author":1965,"featured_media":0,"comment_status":"closed","ping_status":"closed","sticky":false,"template":"","format":"standard","meta":{"fifu_image_url":"","fifu_image_alt":"","footnotes":""},"categories":[73,82],"tags":[],"class_list":["post-69965","post","type-post","status-publish","format-standard","hentry","category-actualite","category-cameroun"],"_links":{"self":[{"href":"https:\/\/linitiative.ca\/International\/wp-json\/wp\/v2\/posts\/69965","targetHints":{"allow":["GET"]}}],"collection":[{"href":"https:\/\/linitiative.ca\/International\/wp-json\/wp\/v2\/posts"}],"about":[{"href":"https:\/\/linitiative.ca\/International\/wp-json\/wp\/v2\/types\/post"}],"author":[{"embeddable":true,"href":"https:\/\/linitiative.ca\/International\/wp-json\/wp\/v2\/users\/1965"}],"replies":[{"embeddable":true,"href":"https:\/\/linitiative.ca\/International\/wp-json\/wp\/v2\/comments?post=69965"}],"version-history":[{"count":0,"href":"https:\/\/linitiative.ca\/International\/wp-json\/wp\/v2\/posts\/69965\/revisions"}],"wp:attachment":[{"href":"https:\/\/linitiative.ca\/International\/wp-json\/wp\/v2\/media?parent=69965"}],"wp:term":[{"taxonomy":"category","embeddable":true,"href":"https:\/\/linitiative.ca\/International\/wp-json\/wp\/v2\/categories?post=69965"},{"taxonomy":"post_tag","embeddable":true,"href":"https:\/\/linitiative.ca\/International\/wp-json\/wp\/v2\/tags?post=69965"}],"curies":[{"name":"wp","href":"https:\/\/api.w.org\/{rel}","templated":true}]}}