{"id":69966,"date":"2019-12-11T17:50:03","date_gmt":"2019-12-11T22:50:03","guid":{"rendered":"https:\/\/linitiative.ca\/International\/disparition-dun-avion-militaire-chilien-des-debris-retrouves-en-mer\/"},"modified":"2019-12-11T17:50:03","modified_gmt":"2019-12-11T22:50:03","slug":"disparition-dun-avion-militaire-chilien-des-debris-retrouves-en-mer","status":"publish","type":"post","link":"https:\/\/linitiative.ca\/International\/disparition-dun-avion-militaire-chilien-des-debris-retrouves-en-mer\/","title":{"rendered":"Disparition d\u2019un avion militaire chilien : des d\u00e9bris retrouv\u00e9s en mer"},"content":{"rendered":"<div readability=\"32\">\n<p>Publi\u00e9 le 11.12.2019 \u00e0 23h50 par AFP<\/p>\n<\/div>\n<div readability=\"114\">\n<p>Des d\u00e9bris ont \u00e9t\u00e9 retrouv\u00e9s en mer sur le site de la disparition d\u2019un avion militaire chilien, introuvable depuis deux jours et qui transportait 38 personnes, a annonc\u00e9 mercredi soir l\u2019arm\u00e9e de l\u2019Air.<\/p>\n<p>\u00ab\u00a0La d\u00e9couverte a \u00e9t\u00e9 faite par le bateau battant pavillon chilien Antarctic Endeavour et il pourrait s\u2019agir de morceaux de mousse des r\u00e9servoirs internes de combustible du C-130\u00a0\u00bb, a annonc\u00e9 \u00e0 la presse Eduardo Mosqueira, commandant de la IVe Brigade a\u00e9rienne \u00e0 Punta Arenas, \u00e0 3.000 km au sud de Santiago.<\/p>\n<p>Les d\u00e9bris ont \u00e9t\u00e9 localis\u00e9s \u00e0 30 km de la derni\u00e8re position connue de l\u2019appareil.<\/p>\n<p>\u00ab\u00a0Nous allons faire les expertises correspondantes et lorsque les morceaux de mousse seront ici, nous pourrons d\u00e9terminer s\u2019il s\u2019agit vraiment du C-130\u00a0\u00bb, a ajoute le commandant Mosqueira. Les d\u00e9bris sont attendus \u00e0 Punta Arenas \u00ab\u00a0demain ou dans les prochains jours\u00a0\u00bb, a-t-il pr\u00e9cis\u00e9.<\/p>\n<p>L\u2019appareil, un Hercules C130, avait d\u00e9coll\u00e9 lundi de la base Chabunco de Punta Arenas (pointe sud du Chili) \u00e0 16H55 (19H55 GMT) pour rejoindre la base antarctique Eduardo Frei. Le contact radio avec l\u2019avion de transport militaire a \u00e9t\u00e9 \u00ab\u00a0perdu\u00a0\u00bb \u00e0 18H13 (21H13 GMT), selon un communiqu\u00e9 de la Force a\u00e9rienne chilienne (FACH).<\/p>\n<p>Il survolait alors le passage de Drake, bras de mer qui s\u00e9pare l\u2019extr\u00e9mit\u00e9 sud de l\u2019Am\u00e9rique latine et l\u2019Antarctique et qui est consid\u00e9r\u00e9 comme redoutable par les marins.<\/p>\n<p>Dans ces eaux, parmi les plus tumultueuses de la plan\u00e8te, entre oc\u00e9ans Pacifique et Atlantique, ont p\u00e9ri plus de 10.000 marins et sombr\u00e9 800 bateaux depuis le 17e si\u00e8cle.<\/p>\n<p>\u2013 \u00ab\u00a0Tout notre possible\u00a0\u00bb \u2013<\/p>\n<p>L\u2019avion a \u00e9t\u00e9 d\u00e9clar\u00e9 \u00ab\u00a0sinistr\u00e9\u00a0\u00bb sept heures apr\u00e8s l\u2019incident, a indiqu\u00e9 l\u2019arm\u00e9e de l\u2019Air, en soulignant qu\u2019il disposait de r\u00e9serves de carburant suffisantes pour voler jusqu\u2019\u00e0 00H40 (03H40 GMT).<\/p>\n<p>Depuis, une quinzaine d\u2019avions et cinq bateaux participent aux op\u00e9rations de recherche. Outre le Chili, l\u2019Argentine, l\u2019Uruguay, le Br\u00e9sil et les Etats-Unis ont envoy\u00e9 des moyens a\u00e9riens et maritimes sur place.<\/p>\n<p>\u00ab\u00a0Toute l\u2019arm\u00e9e de l\u2019Air chilienne et les forces arm\u00e9es sommes en train de faire tout notre possible pour chercher le C-130 qui a disparu\u00a0\u00bb, avait d\u00e9clar\u00e9 mercredi matin le commandant Eduardo Mosqueira.<\/p>\n<p>La zone de recherche a \u00e9t\u00e9 \u00e9tendue mercredi, \u00ab\u00a0les conditions \u00e9tant meilleures\u00a0\u00bb, avait-il ajout\u00e9. Au total, elle mesure 960 km2 environ.<\/p>\n<p>Les proches des passagers de l\u2019avion disparu sont arriv\u00e9s mercredi \u00e0 Punta Arenas.<\/p>\n<p>L\u2019appareil transportait 38 personnes : 17 membres d\u2019\u00e9quipage et 21 passagers. Parmi ces derniers figurent 15 militaires de la FACH, trois de l\u2019arm\u00e9e de Terre, deux d\u2019une entreprise priv\u00e9e de construction, Inproser, ainsi qu\u2019un fonctionnaire de l\u2019universit\u00e9 de Magallanes.<\/p>\n<p>Ils devaient effectuer des \u00ab\u00a0t\u00e2ches de soutien logistique\u00a0\u00bb, et notamment r\u00e9viser un ol\u00e9oduc flottant alimentant en carburant la base antarctique, la plus importante du Chili.<\/p>\n<\/div>\n<p>Auteur: AFP<br \/>\n<a href=\"https:\/\/www.journalducameroun.com\/disparition-dun-avion-militaire-chilien-des-debris-retrouves-en-mer\/\">Cliquez ici pour lire l&rsquo;article depuis sa source.<\/a><\/p>\n","protected":false},"excerpt":{"rendered":"<p>Publi\u00e9 le 11.12.2019 \u00e0 23h50 par AFP Des d\u00e9bris ont \u00e9t\u00e9 retrouv\u00e9s en mer sur le site de la disparition d\u2019un avion militaire chilien, introuvable depuis deux jours et qui transportait 38 personnes, a annonc\u00e9 mercredi soir l\u2019arm\u00e9e de l\u2019Air. \u00ab\u00a0La d\u00e9couverte a \u00e9t\u00e9 faite par le bateau battant pavillon chilien Antarctic Endeavour et il [&hellip;]<\/p>\n","protected":false},"author":1965,"featured_media":0,"comment_status":"closed","ping_status":"closed","sticky":false,"template":"","format":"standard","meta":{"fifu_image_url":"","fifu_image_alt":"","footnotes":""},"categories":[73,82],"tags":[],"class_list":["post-69966","post","type-post","status-publish","format-standard","hentry","category-actualite","category-cameroun"],"_links":{"self":[{"href":"https:\/\/linitiative.ca\/International\/wp-json\/wp\/v2\/posts\/69966","targetHints":{"allow":["GET"]}}],"collection":[{"href":"https:\/\/linitiative.ca\/International\/wp-json\/wp\/v2\/posts"}],"about":[{"href":"https:\/\/linitiative.ca\/International\/wp-json\/wp\/v2\/types\/post"}],"author":[{"embeddable":true,"href":"https:\/\/linitiative.ca\/International\/wp-json\/wp\/v2\/users\/1965"}],"replies":[{"embeddable":true,"href":"https:\/\/linitiative.ca\/International\/wp-json\/wp\/v2\/comments?post=69966"}],"version-history":[{"count":0,"href":"https:\/\/linitiative.ca\/International\/wp-json\/wp\/v2\/posts\/69966\/revisions"}],"wp:attachment":[{"href":"https:\/\/linitiative.ca\/International\/wp-json\/wp\/v2\/media?parent=69966"}],"wp:term":[{"taxonomy":"category","embeddable":true,"href":"https:\/\/linitiative.ca\/International\/wp-json\/wp\/v2\/categories?post=69966"},{"taxonomy":"post_tag","embeddable":true,"href":"https:\/\/linitiative.ca\/International\/wp-json\/wp\/v2\/tags?post=69966"}],"curies":[{"name":"wp","href":"https:\/\/api.w.org\/{rel}","templated":true}]}}