{"id":69969,"date":"2019-12-11T13:40:27","date_gmt":"2019-12-11T18:40:27","guid":{"rendered":"https:\/\/linitiative.ca\/International\/ines-ngoh-et-francine-tankeu-honorees-au-prix-loreal-unesco\/"},"modified":"2019-12-11T13:40:27","modified_gmt":"2019-12-11T18:40:27","slug":"ines-ngoh-et-francine-tankeu-honorees-au-prix-loreal-unesco","status":"publish","type":"post","link":"https:\/\/linitiative.ca\/International\/ines-ngoh-et-francine-tankeu-honorees-au-prix-loreal-unesco\/","title":{"rendered":"Ines Ngoh et Francine Tankeu honor\u00e9es au Prix l\u2019Oreal-Unesco"},"content":{"rendered":"<p><img loading=\"lazy\" decoding=\"async\" class=\"wp-image-14215 alignleft\" src=\"https:\/\/ecomatin.net\/wp-content\/uploads\/2019\/12\/09faa8e284-1-300x169.jpeg\" alt=\"\" width=\"222\" height=\"125\" srcset=\"https:\/\/ecomatin.net\/wp-content\/uploads\/2019\/12\/09faa8e284-1-300x169.jpeg 300w, https:\/\/ecomatin.net\/wp-content\/uploads\/2019\/12\/09faa8e284-1-768x432.jpeg 768w, https:\/\/ecomatin.net\/wp-content\/uploads\/2019\/12\/09faa8e284-1-390x220.jpeg 390w, https:\/\/ecomatin.net\/wp-content\/uploads\/2019\/12\/09faa8e284-1.jpeg 1024w\" sizes=\"auto, (max-width: 222px) 100vw, 222px\"\/>Le Prix <em>\u00ab\u00a0Jeunes talents Afrique subsaharienne\u00a0\u00bb<\/em> pour les femmes et la science a r\u00e9v\u00e9l\u00e9 ses laur\u00e9ats 2019. C\u2019\u00e9tait \u00e0 Dakar, la capitale s\u00e9n\u00e9galaise, le 21 novembre 2019 au cours d\u2019une c\u00e9r\u00e9monie organis\u00e9e par <strong>Audrey Azoulay,<\/strong> directrice g\u00e9n\u00e9rale de l\u2019Unesco, et <strong>Jean Paul Agon,<\/strong> pr\u00e9sident-directeur g\u00e9n\u00e9ral de L\u2019Or\u00e9al et pr\u00e9sident de la Fondation L\u2019Or\u00e9al.<\/p>\n<p>Parmi les 20 chercheuses africaines r\u00e9compens\u00e9es au cours de ce concours, organis\u00e9 par la fondation de la firme de cosm\u00e9tique en partenariat avec l\u2019Unesco, l\u2019on retrouve deux Camerounaises. Il s\u2019agit d\u2019<strong>Ines Ngoh,<\/strong> doctorante \u00e0 l\u2019universit\u00e9 de Buea et pensionnaire d\u2019une unit\u00e9 de recherches en Gambie. Ses travaux de recherche sont intitul\u00e9s <em>\u00ab\u2009comprendre les variations g\u00e9n\u00e9tiques utilis\u00e9es par les populations naturelles de parasites du paludisme\u2009\u00bb<\/em>. Aujourd\u2019hui, elle fait partie du groupe de biologie des populations palud\u00e9ennes dans le programme de contr\u00f4le et d\u2019\u00e9limination des maladies de l\u2019unit\u00e9 de recherche de la <strong>London School of Hygiene and Tropical Medicine<\/strong>.<\/p>\n<p>La seconde laur\u00e9ate camerounaise est <strong>Francine Tankeu<\/strong>, doctorante \u00e0 l\u2019universit\u00e9 de Yaound\u00e9 I. Les travaux ayant conduit cette chercheuse au sacre sont intitul\u00e9s : <em>\u00ab\u2009soigner la leuc\u00e9mie en alliant biochimie et pouvoir des plantes\u2009\u00bb<\/em>. Sa th\u00e9matique va na\u00eetre d\u2019une trag\u00e9die. <em>\u00ab\u00a0Le d\u00e9c\u00e8s d\u2019un ami des suites d\u2019un cancer m\u2019a v\u00e9ritablement donn\u00e9 la volont\u00e9 de me servir de la recherche pour r\u00e9soudre les probl\u00e8mes de sant\u00e9 publique\u00a0\u00bb,<\/em> raconte la Jeune dame qui compte soutenir sa th\u00e8se en 2020.<\/p>\n<p><em>\u00ab\u2009Parmi les chercheurs mondiaux, on compte seulement 2,4% de scientifiques africains, dont \u00e0 peine 30% sont des femmes. Aujourd\u2019hui, il n\u2019y a pas assez de femmes scientifiques en Afrique. \u00c0 travers le Prix Jeunes Talents Afrique subsaharienne, nous mettons en avant et soutenons les extraordinaires chercheuses du continent qui sont indispensables pour d\u00e9velopper une recherche inclusive en Afrique, pour l\u2019Afrique et men\u00e9e par des Africaines\u2009\u00bb<\/em>, a d\u00e9clar\u00e9 <strong>Alexandra Palt<\/strong>, directrice g\u00e9n\u00e9rale de la Fondation L\u2019Or\u00e9al.<\/p>\n<p>Les jeunes talents re\u00e7oivent chacun un soutien financier pour leurs travaux scientifiques, gr\u00e2ce \u00e0 des dotations de 10\u2009000 \u20ac (<strong>6,5 millions de FCFA<\/strong>) pour les doctorantes et de 15\u2009000 \u20ac (<strong>10 millions de FCFA<\/strong>) pour les post-doctorantes.<\/p>\n<p>Cr\u00e9\u00e9 en 1998, le programme <em>\u00ab\u2009Pour les femmes et la science\u2009\u00bb<\/em> vise \u00e0 promouvoir les femmes dans le monde de la recherche scientifique. Tandis que les prix L\u2019Or\u00e9al-Uesco <em>\u00ab Pour les Femmes et la Science \u00bb<\/em> ont \u00e9t\u00e9 cr\u00e9\u00e9s en 1997 par L\u2019Or\u00e9al et l\u2019Unesco afin de r\u00e9compenser des chercheuses accomplies ayant contribu\u00e9 au progr\u00e8s scientifique dans les domaines des sciences de la vie et de la mati\u00e8re.<\/p>\n<p>Auteur: Francky<br \/>\n<a href=\"https:\/\/ecomatin.net\/ines-ngoh-et-francine-tankeu-honorees-au-prix-loreal-unesco\/\">Cliquez ici pour lire l&rsquo;article depuis sa source.<\/a><\/p>\n","protected":false},"excerpt":{"rendered":"<p>Le Prix \u00ab\u00a0Jeunes talents Afrique subsaharienne\u00a0\u00bb pour les femmes et la science a r\u00e9v\u00e9l\u00e9 ses laur\u00e9ats 2019. C\u2019\u00e9tait \u00e0 Dakar, la capitale s\u00e9n\u00e9galaise, le 21 novembre 2019 au cours d\u2019une c\u00e9r\u00e9monie organis\u00e9e par Audrey Azoulay, directrice g\u00e9n\u00e9rale de l\u2019Unesco, et Jean Paul Agon, pr\u00e9sident-directeur g\u00e9n\u00e9ral de L\u2019Or\u00e9al et pr\u00e9sident de la Fondation L\u2019Or\u00e9al. Parmi les [&hellip;]<\/p>\n","protected":false},"author":1969,"featured_media":69970,"comment_status":"closed","ping_status":"closed","sticky":false,"template":"","format":"standard","meta":{"fifu_image_url":"","fifu_image_alt":"","footnotes":""},"categories":[82,78],"tags":[],"class_list":["post-69969","post","type-post","status-publish","format-standard","has-post-thumbnail","hentry","category-cameroun","category-economie"],"_links":{"self":[{"href":"https:\/\/linitiative.ca\/International\/wp-json\/wp\/v2\/posts\/69969","targetHints":{"allow":["GET"]}}],"collection":[{"href":"https:\/\/linitiative.ca\/International\/wp-json\/wp\/v2\/posts"}],"about":[{"href":"https:\/\/linitiative.ca\/International\/wp-json\/wp\/v2\/types\/post"}],"author":[{"embeddable":true,"href":"https:\/\/linitiative.ca\/International\/wp-json\/wp\/v2\/users\/1969"}],"replies":[{"embeddable":true,"href":"https:\/\/linitiative.ca\/International\/wp-json\/wp\/v2\/comments?post=69969"}],"version-history":[{"count":0,"href":"https:\/\/linitiative.ca\/International\/wp-json\/wp\/v2\/posts\/69969\/revisions"}],"wp:featuredmedia":[{"embeddable":true,"href":"https:\/\/linitiative.ca\/International\/wp-json\/"}],"wp:attachment":[{"href":"https:\/\/linitiative.ca\/International\/wp-json\/wp\/v2\/media?parent=69969"}],"wp:term":[{"taxonomy":"category","embeddable":true,"href":"https:\/\/linitiative.ca\/International\/wp-json\/wp\/v2\/categories?post=69969"},{"taxonomy":"post_tag","embeddable":true,"href":"https:\/\/linitiative.ca\/International\/wp-json\/wp\/v2\/tags?post=69969"}],"curies":[{"name":"wp","href":"https:\/\/api.w.org\/{rel}","templated":true}]}}