{"id":69975,"date":"2019-12-12T07:00:28","date_gmt":"2019-12-12T12:00:28","guid":{"rendered":"https:\/\/linitiative.ca\/International\/agriculture-intelligente-le-premier-traitement-des-cereales-par-drone-au-maroc-lance-a-sidi-kacem\/"},"modified":"2019-12-12T07:00:28","modified_gmt":"2019-12-12T12:00:28","slug":"agriculture-intelligente-le-premier-traitement-des-cereales-par-drone-au-maroc-lance-a-sidi-kacem","status":"publish","type":"post","link":"https:\/\/linitiative.ca\/International\/agriculture-intelligente-le-premier-traitement-des-cereales-par-drone-au-maroc-lance-a-sidi-kacem\/","title":{"rendered":"Agriculture \u00abIntelligente\u00bb : Le premier traitement des c\u00e9r\u00e9ales par drone au Maroc lanc\u00e9 \u00e0 Sidi Kacem"},"content":{"rendered":"<p><img decoding=\"async\" class=\"post_layout_5_img\" src=\"http:\/\/aujourdhui.ma\/wp-content\/uploads\/2019\/12\/Traitement-des-ce%CC%81re%CC%81ales-par-drone-au-Maroc.jpg?x29840\" alt=\"Agriculture \u00abIntelligente\u00bb : Le premier traitement des c\u00e9r\u00e9ales par drone au Maroc lanc\u00e9 \u00e0 Sidi Kacem\"\/><\/p>\n<p class=\"p1\"><span class=\"c5\"><strong><span class=\"s1 c4\"><em>Le drone permet de pulv\u00e9riser diff\u00e9rents types de produits quelle que soit la superficie cibl\u00e9e, et ce de fa\u00e7on tr\u00e8s pr\u00e9cise et plus rapide que la mani\u00e8re traditionnelle sans pi\u00e9tinement des cultures.<\/em><\/span><\/strong><\/span><span id=\"more-326523\"\/><\/p>\n<p class=\"p1\">L\u2019utilisation de la technologie dans le secteur agricole gagne du terrain. Derni\u00e8re tendance en date, l\u2019usage des drones pour la lutte chimique contre les mauvaises herbes parasites dans les exploitations agricoles. Sur le plan technique, le drone permet de pulv\u00e9riser diff\u00e9rents types de produits quelle que soit la superficie cibl\u00e9e, et ce de fa\u00e7on tr\u00e8s pr\u00e9cise et plus rapide que la mani\u00e8re traditionnelle sans pi\u00e9tinement des cultures. \u00c9quip\u00e9s d\u2019un r\u00e9servoir et de buses de pulv\u00e9risation, ces engins \u00e0 h\u00e9lices fonctionnent sur un parcours programm\u00e9 ou bien<span class=\"Apple-converted-space\">\u00a0<\/span> sont soumis \u00e0 un vol manuel guid\u00e9 par un t\u00e9l\u00e9-pilote au sol.<\/p>\n<p class=\"p1\">Ils survolent les surfaces agricoles \u00e0 une hauteur d\u00e9termin\u00e9e. Parmi les pr\u00e9curseurs au Maroc, le Domaine agricole Abdesslam Benzeroual qui se situe dans la commune de Bir Taleb \u00e0 Sidi Kacem qui vient d\u2019en faire le lancement en pr\u00e9sence des autorit\u00e9s locales. Ce Domaine qui s\u2019\u00e9tend \u00e0 perte de vue est enti\u00e8rement r\u00e9serv\u00e9 aux c\u00e9r\u00e9ales. <em>\u00abC\u2019est la premi\u00e8re fois que le traitement des c\u00e9r\u00e9ales se fera par drone.<span class=\"Apple-converted-space\">\u00a0<\/span> Nous souhaitons \u00eatre une locomotive et une inspiration pour les autres agriculteurs\u00bb,<\/em> explique Abdesslam Benzeroual, agriculteur et propri\u00e9taire de ce domaine, ajoutant que la lutte chimique contre les mauvaises herbes par drone lui para\u00eet la meilleure solution au vu des multiples avantages qu\u2019elle pr\u00e9sente aussi bien sur le plan \u00e9conomique que pratique.<\/p>\n<p class=\"p3\"><strong>Capacit\u00e9 : 50 hectares trait\u00e9s par jour par drone\u00a0<\/strong><\/p>\n<p class=\"p1\">Un drone peut effectuer un traitement de 50 hectares par jour pour le co\u00fbt de 120 DH \u00e0 l\u2019hectare en location. A l\u2019acquisition, celui-ci co\u00fbte entre 60.000 et 120.000 DH. Afin d\u2019utiliser cette technologie de pr\u00e9cision au Maroc, l\u2019autorisation des autorit\u00e9s comp\u00e9tentes est n\u00e9cessaire (dont le minist\u00e8re de l\u2019int\u00e9rieur). <em>\u00abLes drones \u00e0 usage civil sont en pleine expansion un peu partout dans le monde. Pour l\u2019agriculture, cette technologie nous est utile parce qu\u2019elle a un degr\u00e9 de pr\u00e9cision tr\u00e8s \u00e9lev\u00e9 et permet un traitement homog\u00e8ne sur l\u2019ensemble de la surface. Au d\u00e9part, on a vu une d\u00e9monstration sur une exploitation d\u2019agrumes dans la r\u00e9gion d\u2019Agadir.<\/em><\/p>\n<p class=\"p1\"><em>On s\u2019est dit que puisque ce traitement est efficace sur l\u2019arboriculture, il le sera \u00e9galement pour les c\u00e9r\u00e9ales. A partir de l\u00e0, nous avons contact\u00e9 un jeune prestataire qui a rendu cette exp\u00e9rience possible sur notre culture. Pour les c\u00e9r\u00e9ales, deux traitements sont effectu\u00e9s par an. Le premier concerne les herbicides (\u00e0 partir du 15 d\u00e9cembre jusqu\u2019au 15 janvier) et le deuxi\u00e8me est relatif aux fongicides (\u00e0 partir du 15 f\u00e9vrier au 15 mars)\u00bb,<\/em> indique le jeune agriculteur.<\/p>\n<p class=\"p1\">Au niveau de ses potentialit\u00e9s, le drone est un alli\u00e9 pour l\u2019agriculteur. \u00ab<em>Apr\u00e8s la pluie, la boue peut survenir sur certaines parties de l\u2019exploitation. La terre est \u00e9galement parfois accident\u00e9e, ce qui rend son acc\u00e8s difficile. D\u2019autant plus que le passage des tracteurs tasse le sol, ce qui n\u2019est pas tr\u00e8s bon pour le terrain agricole. Ces probl\u00e8mes ne se posent pas pour les drones qui survolent toute la surface sans le moindre d\u00e9g\u00e2t. Vous pouvez imaginer le gain de temps que tout cela repr\u00e9sente pour les agriculteurs\u00bb<\/em>. A ces avantages s\u2019ajoute l\u2019aspect environnemental de l\u2019utilisation des drones. <em>\u00abIls sont \u00e9cologiques dans la mesure o\u00f9 l\u2019\u00e9nergie utilis\u00e9e pour leur fonctionnement n\u2019est pas polluante\u00bb,<\/em> confie le propri\u00e9taire de ce domaine pr\u00e9cisant que le traitement par drone a pour vertu de ne pas avoir de r\u00e9percussions sur les eaux souterraines.<\/p>\n<p class=\"p1\">Du point de vue de la main-d\u2019\u0153uvre agricole, celle-ci ne se retrouve plus en contact avec les produits utilis\u00e9s pour le traitement chimique des cultures.<\/p>\n<p class=\"p3\"><strong>La technologie :\u00a0Vivier d\u2019emplois dans\u00a0le monde rural<\/strong><\/p>\n<p class=\"p1\">Agriculteur de p\u00e8re en fils, Abdesslam Benzeroual est convaincu du potentiel grandissant des c\u00e9r\u00e9ales dans la province. Pour lui, l\u2019agriculture intelligente constitue une manne d\u2019emplois et de richesses. \u00ab<em>Nous esp\u00e9rons que cette r\u00e9gion soit une r\u00e9f\u00e9rence en la mati\u00e8re. D\u2019ailleurs un projet de centre de formation y est envisageable pour que les jeunes puissent apprendre \u00e0 utiliser cette technologie et en faire un m\u00e9tier porteur. C\u2019est une zone qui a du potentiel et la formation \u00e0 l\u2019usage des drones pourrait ouvrir de nouvelles perspectives pour la jeunesse\u00bb,<\/em> confie l\u2019agriculteur.<span class=\"Apple-converted-space\">\u00a0 \u00a0<\/span><\/p>\n<div class=\"base-box mom_box_sc_custom mom_box_sc clear c7\" readability=\"14\">\n<p class=\"p1\"><span class=\"c6\"><strong><span class=\"s1\">Un avant et un apr\u00e8s Plan Maroc Vert<\/span><\/strong><\/span><\/p>\n<p class=\"p3\"><span class=\"s1\">Le Plan Maroc Vert a ouvert de nombreuses opportunit\u00e9s aux agriculteurs pour toutes les fili\u00e8res dans le secteur. C\u2019est ce que confirme Abdesslam Benzeroual soulignant que depuis son d\u00e9marrage le PMV a permis d\u2019augmenter le revenu des familles dans le monde agricole. <em>\u00abLe secteur de l\u2019agriculture s\u2019est d\u00e9velopp\u00e9. En t\u00e9moignent les offres d\u2019emplois pour les agronomes et la multiplication des formations de techniciens dans le domaine\u00bb,<\/em> ajoute-t-il indiquant que le PMV a encourag\u00e9 une grande partie des jeunes \u00e0 faire des formations et \u00e0 choisir des \u00e9tudes en ing\u00e9nierie pour travailler dans l\u2019agriculture. <em>\u00abNous sommes sur le terrain et c\u2019est une chose que nous constatons au fil du temps\u00bb,<\/em> confie le jeune agriculteur.<\/span><\/p>\n<\/div>\n<p>Auteur: Ouchagour Leila<br \/>\n<a href=\"http:\/\/aujourdhui.ma\/economie\/agriculture-intelligente-le-premier-traitement-des-cereales-par-drone-au-maroc-lance-a-sidi-kacem\">Cliquez ici pour lire l&rsquo;article depuis sa source.<\/a><\/p>\n","protected":false},"excerpt":{"rendered":"<p>Le drone permet de pulv\u00e9riser diff\u00e9rents types de produits quelle que soit la superficie cibl\u00e9e, et ce de fa\u00e7on tr\u00e8s pr\u00e9cise et plus rapide que la mani\u00e8re traditionnelle sans pi\u00e9tinement des cultures. L\u2019utilisation de la technologie dans le secteur agricole gagne du terrain. Derni\u00e8re tendance en date, l\u2019usage des drones pour la lutte chimique contre [&hellip;]<\/p>\n","protected":false},"author":1759,"featured_media":0,"comment_status":"closed","ping_status":"closed","sticky":false,"template":"","format":"standard","meta":{"fifu_image_url":"","fifu_image_alt":"","footnotes":""},"categories":[73,54],"tags":[],"class_list":["post-69975","post","type-post","status-publish","format-standard","hentry","category-actualite","category-maroc"],"_links":{"self":[{"href":"https:\/\/linitiative.ca\/International\/wp-json\/wp\/v2\/posts\/69975","targetHints":{"allow":["GET"]}}],"collection":[{"href":"https:\/\/linitiative.ca\/International\/wp-json\/wp\/v2\/posts"}],"about":[{"href":"https:\/\/linitiative.ca\/International\/wp-json\/wp\/v2\/types\/post"}],"author":[{"embeddable":true,"href":"https:\/\/linitiative.ca\/International\/wp-json\/wp\/v2\/users\/1759"}],"replies":[{"embeddable":true,"href":"https:\/\/linitiative.ca\/International\/wp-json\/wp\/v2\/comments?post=69975"}],"version-history":[{"count":0,"href":"https:\/\/linitiative.ca\/International\/wp-json\/wp\/v2\/posts\/69975\/revisions"}],"wp:attachment":[{"href":"https:\/\/linitiative.ca\/International\/wp-json\/wp\/v2\/media?parent=69975"}],"wp:term":[{"taxonomy":"category","embeddable":true,"href":"https:\/\/linitiative.ca\/International\/wp-json\/wp\/v2\/categories?post=69975"},{"taxonomy":"post_tag","embeddable":true,"href":"https:\/\/linitiative.ca\/International\/wp-json\/wp\/v2\/tags?post=69975"}],"curies":[{"name":"wp","href":"https:\/\/api.w.org\/{rel}","templated":true}]}}