{"id":69976,"date":"2019-12-12T08:00:33","date_gmt":"2019-12-12T13:00:33","guid":{"rendered":"https:\/\/linitiative.ca\/International\/filiere-de-larganier-une-branche-qui-prend-du-galon\/"},"modified":"2019-12-12T08:00:33","modified_gmt":"2019-12-12T13:00:33","slug":"filiere-de-larganier-une-branche-qui-prend-du-galon","status":"publish","type":"post","link":"https:\/\/linitiative.ca\/International\/filiere-de-larganier-une-branche-qui-prend-du-galon\/","title":{"rendered":"Fili\u00e8re de l\u2019arganier : Une branche qui prend du galon"},"content":{"rendered":"<p><img decoding=\"async\" class=\"post_layout_5_img\" src=\"http:\/\/aujourdhui.ma\/wp-content\/uploads\/2019\/12\/Agadir-Congre%CC%80s-international-de-l%E2%80%99arganier.jpg?x29840\" alt=\"Fili\u00e8re de l\u2019arganier : Une branche qui prend du galon\"\/><\/p>\n<p class=\"p1\"><span class=\"s1\"><span class=\"c4\"><strong>La fili\u00e8re d\u2019argane est dot\u00e9e d\u2019un contrat programme (2012-2020) sign\u00e9 entre le gouvernement et l\u2019interprofession suivant une vision int\u00e9gr\u00e9e qui vise le d\u00e9veloppement des diff\u00e9rents maillons de la fili\u00e8re de l\u2019amont \u00e0 l\u2019aval.<\/strong><\/span><\/span> <span id=\"more-326525\"\/><\/p>\n<p class=\"p1\"><span class=\"s1\">Le Congr\u00e8s international de l\u2019arganier, organis\u00e9 \u00e0 Agadir du 10 au 12 d\u00e9cembre, constitue une occasion propice pour dresser le bilan de cette fili\u00e8re \u00e0 fort potentiel, et \u00e9galement pour s\u2019arr\u00eater sur les diff\u00e9rentes actions concr\u00e8tes pour instaurer un v\u00e9ritable \u00e9cosyst\u00e8me autour de cet arbre mythique. Le point sur les principales r\u00e9alisations et projets.<\/span><\/p>\n<p class=\"p3\"><strong><span class=\"s2\">Programme de r\u00e9habilitation\u00a0<\/span><span class=\"s2\">de l\u2019arganeraie (financ\u00e9\u00a0<\/span><span class=\"s2\">par le HCEFLCD)<\/span><\/strong><\/p>\n<p class=\"p1\"><span class=\"s1\">Le programme de r\u00e9habilitation de l\u2019arganeraie sur une superficie de 200.000 ha constitue l\u2019un des principaux axes du contrat programme de la fili\u00e8re arganier. La r\u00e9habilitation concerne l\u2019ensemble des actions, entre autres la r\u00e9g\u00e9n\u00e9ration d\u2019arganier, qui vise l\u2019am\u00e9lioration des performances des arganeraies existantes. Les efforts d\u00e9ploy\u00e9s ces derni\u00e8res ann\u00e9es ont permis d\u2019avancer dans la r\u00e9alisation des objectifs fix\u00e9s dans le contrat programme de la fili\u00e8re d\u2019arganier. Dans ce sens 123.244 ha ont \u00e9t\u00e9 r\u00e9habilit\u00e9s durant la p\u00e9riode 2012-2018.<\/span><\/p>\n<p class=\"p3\"><strong><span class=\"s2\">Programme d\u2019arganiculture<\/span><\/strong><\/p>\n<p class=\"p1\"><span class=\"s1\">Le Plan Maroc Vert a fix\u00e9 des objectifs ambitieux pour le d\u00e9veloppement de la fili\u00e8re d\u2019argan, et qui ont \u00e9t\u00e9 soulign\u00e9s dans le contrat-programme sign\u00e9 \u00e0 cet effet. Ce programme vise entre autres la domestication de l\u2019arganier et la cr\u00e9ation des vergers d\u2019arganier sur 5.000 ha d\u2019ici 2020.<\/span><\/p>\n<p class=\"p1\"><span class=\"s1\">Conform\u00e9ment \u00e0 ces orientations, le projet \u00abD\u00e9veloppement de l\u2019arganiculture dans les zones vuln\u00e9rables (DARED)\u00bb a \u00e9t\u00e9 propos\u00e9 pour financement aupr\u00e8s du Fonds GCF en tant que premi\u00e8re phase de l\u2019ensemble du programme Nama Arganiculture \u00e0 travers un processus de consultation avec les parties prenantes.<\/span><\/p>\n<p class=\"p1\"><span class=\"s1\">En termes d\u2019ex\u00e9cution du projet, notamment la composante relative \u00e0 la plantation, une superficie de 1.372 ha est d\u00e9j\u00e0 plant\u00e9e, 2.020 ha en cours de lancement de travaux et 3.313 ha en cours de lancement des appels d\u2019offres. Dans la m\u00eame composante, les travaux de construction de 13 ouvrages de collecte des eaux pluviales sont en cours de lancement.<\/span><\/p>\n<p class=\"p3\"><span class=\"s2\"><strong>Restructuration des acteurs et organisation \u00e9conomique des ayants droit pour un d\u00e9veloppement int\u00e9gr\u00e9 de la fili\u00e8re<\/strong><\/span><\/p>\n<p class=\"p1\"><span class=\"s1\">Depuis la mise en \u0153uvre du Plan Maroc Vert, la fili\u00e8re a connu un important saut gr\u00e2ce aux efforts de restructuration dans les zones de production qui ont permis une meilleure valorisation des efforts de la population qui op\u00e8re dans ce secteur, notamment \u00e0 travers ses organisations professionnelles. L\u2019aval de la fili\u00e8re conna\u00eet \u00e9galement une affluence d\u2019op\u00e9rateurs qui \u0153uvrent dans la transformation et la commercialisation de l\u2019huile d\u2019Argane (plus de 500 coop\u00e9ratives et Groupements d\u2019int\u00e9r\u00eat \u00e9conomique, plus de 450 petites et moyennes entreprises (PME), des industriels et des exportateurs). Un projet de mise en place des unit\u00e9s de collecte de la mati\u00e8re premi\u00e8re \u00abAfyache\u00bb a \u00e9t\u00e9 \u00e9labor\u00e9 en concertation avec tous les acteurs institutionnels et professionnels concern\u00e9s.\u00a0<\/span><\/p>\n<p class=\"p3\"><span class=\"s2\"><strong>Promotion et commercialisation de l\u2019huile d\u2019argane<\/strong><\/span><\/p>\n<p class=\"p1\"><span class=\"s1\">Toutes les actions engag\u00e9es dans le cadre du Plan Maroc Vert et la dynamique men\u00e9e par les professionnels ont eu un fort impact sur le positionnement de l\u2019huile d\u2019argane au niveau international qui se traduit par l\u2019\u00e9volution des exportations. En termes du nombre des exportateurs (exercice 2017-2018), il est de 129 exportateurs dont 104 soci\u00e9t\u00e9s et 24 coop\u00e9ratives et GIE. Ainsi l\u2019huile d\u2019argane est export\u00e9e essentiellement en vrac (une part de 96% en volume), alors que l\u2019UE est la principale destination des exportations de l\u2019huile d\u2019argane avec une part en volume de 86% en 2017-2018.<\/span><\/p>\n<p class=\"p1\"><strong><span class=\"s2\">Lancement du projet de\u00a0<\/span><span class=\"s2\">renforcement \u00e9conomique\u00a0<\/span><span class=\"s2\">des femmes de la fili\u00e8re de\u00a0<\/span><span class=\"s2\">l\u2019argane au Maroc (REFAM)<\/span><\/strong><\/p>\n<p class=\"p1\"><span class=\"s1\">Le projet REFAM vise l\u2019accroissement de l\u2019autonomie \u00e9conomique des femmes qui \u0153uvrent dans la fili\u00e8re de l\u2019argane. D\u2019un montant global de 11 millions de dollars canadiens, le projet est cofinanc\u00e9 par le gouvernement du Maroc et Affaires Mondiales Canada (AMC). Il est mis en \u0153uvre, sur une dur\u00e9e de 4 ans (2018-2022), en partenariat entre l\u2019ANDZOA et l\u2019agence d\u2019ex\u00e9cution canadienne CowaterSogema. Le projet intervient dans la r\u00e9serve de biosph\u00e8re de l\u2019arganeraie qui concerne 8 provinces. Une s\u00e9rie d\u2019ateliers de sensibilisation a \u00e9t\u00e9 tenue r\u00e9cemment dans le cadre de ce projet. Une \u00e9tude a \u00e9t\u00e9 \u00e9galement lanc\u00e9e sur les barri\u00e8res sexo-sp\u00e9cifiques dans la fili\u00e8re de l\u2019arganier.<\/span><\/p>\n<p class=\"p3\"><strong><span class=\"s2\">Mise en \u0153uvre du Centre national de l\u2019arganier<\/span><\/strong><\/p>\n<p class=\"p1\"><span class=\"s1\">Le Centre national de l\u2019arganier est une composante du programme \u00abGouvernance environnementale et climatique\u00bb de la Deutsche Gesellschaft f\u00fcr Internationale Zusammernarbeit (GIZ), men\u00e9 en \u00e9troite coop\u00e9ration avec l\u2019ANDZOA. Le projet est ex\u00e9cut\u00e9 sous le mandat du minist\u00e8re f\u00e9d\u00e9ral de la coop\u00e9ration \u00e9conomique et du d\u00e9veloppement (BMZ).<\/span><\/p>\n<p class=\"p3\"><span class=\"s2\"><strong>Bourses jeunes chercheurs<\/strong><\/span><\/p>\n<p class=\"p1\"><span class=\"s1\">Dans le cadre de la mission de l\u2019ANDZOA d\u2019encourager la recherche scientifique relative \u00e0 la protection et au d\u00e9veloppement de l\u2019\u00e9cosyst\u00e8me arganeraie et la valorisation de ses produits, l\u2019ANDZOA a mis en place un cadre de collaboration public-priv\u00e9 qui entend supporter des projets de th\u00e8ses de doctorat et de master, qui traitent une th\u00e9matique originale sur l\u2019arganier et\/ou l\u2019arganeraie, ceci \u00e0 travers l\u2019octroi de bourses aux jeunes chercheurs.<\/span><\/p>\n<p class=\"p1\"><span class=\"s1\">Une recherche scientifique de qualit\u00e9, forte et structur\u00e9e joue un r\u00f4le essentiel dans la prise de conscience des enjeux et des conditions du d\u00e9veloppement territorial. Pleinement conscients de cette r\u00e9alit\u00e9, l\u2019ANDZOA, Lafarge Maroc et l\u2019Agrotech ont sign\u00e9 une convention de collaboration et de financement des bourses pour la p\u00e9riode 2014-2016.<\/span><\/p>\n<p class=\"p3\"><strong><span class=\"s2\">Projets de partenariat financ\u00e9s avec la contribution de l\u2019ANDZOA<\/span><\/strong><\/p>\n<p class=\"p1\"><span class=\"s1\">L\u2019intervention de l\u2019agence dans les zones de l\u2019arganier a concern\u00e9 la participation au financement de 434 projets \u00e9labor\u00e9s dans le cadre de conventions de partenariat totalisant une enveloppe budg\u00e9taire de 563,7 millions de dirhams dont la contribution de l\u2019ANDZOA s\u2019\u00e9l\u00e8ve \u00e0 237,5 millions de dirhams. L\u2019intervention de l\u2019ANDZOA durant cette p\u00e9riode a pu r\u00e9pondre aux besoins des populations locales notamment en ce qui concerne les secteurs vitaux, \u00e0 savoir l\u2019alimentation en eau potable, le d\u00e9senclavement par l\u2019am\u00e9nagement et la construction des pistes rurales, l\u2019\u00e9ducation, la sant\u00e9, la pr\u00e9servation de l\u2019environnement et les activit\u00e9s \u00e9conomiques.<\/span><\/p>\n<p class=\"p3\"><strong><span class=\"s2\">Projets de d\u00e9veloppement financ\u00e9s par le FDRZM<\/span><\/strong><\/p>\n<p class=\"p1\"><span class=\"s1\">Les 264 projets financ\u00e9s par le Fonds de d\u00e9veloppement rural et des zones de montagne (FDRZM) dans les zones de l\u2019arganier, entre le d\u00e9but du programme en 2014 et fin d\u00e9cembre 2018, ont totalis\u00e9 un budget d\u2019investissement de 651,1 millions de DH, dont 583 millions de DH apport\u00e9s par le FDRZM avec un taux de levier de 10%. La r\u00e9partition territoriale de ces investissements montre la domination de la<span class=\"Apple-converted-space\">\u00a0<\/span> province de Chtouka Ait Baha qui vient en t\u00eate de liste avec 24% des investissements globaux et ce pour une enveloppe de plus de 158,4 millions dirhams, suivie de la province d\u2019Essaouira avec 15% des investissements globaux repr\u00e9sent\u00e9s par pr\u00e8s de 95,2 millions dirhams. Quant au reste des investissements, pr\u00e8s de 415,9 millions DH, il est r\u00e9parti entre les autres provinces des zones de l\u2019arganier.<\/span><\/p>\n<p>Auteur: Mohamed Laabid<br \/>\n<a href=\"http:\/\/aujourdhui.ma\/economie\/filiere-de-larganier-une-branche-qui-prend-du-galon\">Cliquez ici pour lire l&rsquo;article depuis sa source.<\/a><\/p>\n","protected":false},"excerpt":{"rendered":"<p>La fili\u00e8re d\u2019argane est dot\u00e9e d\u2019un contrat programme (2012-2020) sign\u00e9 entre le gouvernement et l\u2019interprofession suivant une vision int\u00e9gr\u00e9e qui vise le d\u00e9veloppement des diff\u00e9rents maillons de la fili\u00e8re de l\u2019amont \u00e0 l\u2019aval. Le Congr\u00e8s international de l\u2019arganier, organis\u00e9 \u00e0 Agadir du 10 au 12 d\u00e9cembre, constitue une occasion propice pour dresser le bilan de [&hellip;]<\/p>\n","protected":false},"author":1759,"featured_media":0,"comment_status":"closed","ping_status":"closed","sticky":false,"template":"","format":"standard","meta":{"fifu_image_url":"","fifu_image_alt":"","footnotes":""},"categories":[73,54],"tags":[],"class_list":["post-69976","post","type-post","status-publish","format-standard","hentry","category-actualite","category-maroc"],"_links":{"self":[{"href":"https:\/\/linitiative.ca\/International\/wp-json\/wp\/v2\/posts\/69976","targetHints":{"allow":["GET"]}}],"collection":[{"href":"https:\/\/linitiative.ca\/International\/wp-json\/wp\/v2\/posts"}],"about":[{"href":"https:\/\/linitiative.ca\/International\/wp-json\/wp\/v2\/types\/post"}],"author":[{"embeddable":true,"href":"https:\/\/linitiative.ca\/International\/wp-json\/wp\/v2\/users\/1759"}],"replies":[{"embeddable":true,"href":"https:\/\/linitiative.ca\/International\/wp-json\/wp\/v2\/comments?post=69976"}],"version-history":[{"count":0,"href":"https:\/\/linitiative.ca\/International\/wp-json\/wp\/v2\/posts\/69976\/revisions"}],"wp:attachment":[{"href":"https:\/\/linitiative.ca\/International\/wp-json\/wp\/v2\/media?parent=69976"}],"wp:term":[{"taxonomy":"category","embeddable":true,"href":"https:\/\/linitiative.ca\/International\/wp-json\/wp\/v2\/categories?post=69976"},{"taxonomy":"post_tag","embeddable":true,"href":"https:\/\/linitiative.ca\/International\/wp-json\/wp\/v2\/tags?post=69976"}],"curies":[{"name":"wp","href":"https:\/\/api.w.org\/{rel}","templated":true}]}}