{"id":69977,"date":"2019-12-12T08:30:44","date_gmt":"2019-12-12T13:30:44","guid":{"rendered":"https:\/\/linitiative.ca\/International\/nouveau-roman-lonirisme-reel-de-souad-jamai\/"},"modified":"2019-12-12T08:30:44","modified_gmt":"2019-12-12T13:30:44","slug":"nouveau-roman-lonirisme-reel-de-souad-jamai","status":"publish","type":"post","link":"https:\/\/linitiative.ca\/International\/nouveau-roman-lonirisme-reel-de-souad-jamai\/","title":{"rendered":"Nouveau roman : L\u2019onirisme r\u00e9el de Souad Jamai"},"content":{"rendered":"<p><img decoding=\"async\" class=\"post_layout_5_img\" src=\"http:\/\/aujourdhui.ma\/wp-content\/uploads\/2019\/12\/roman-Des-ailes-de-papier-de-Souad-Jamai.jpg?x29840\" alt=\"Nouveau roman : L\u2019onirisme r\u00e9el de Souad Jamai\"\/><\/p>\n<p class=\"p1\"><span class=\"c4\"><strong><span class=\"s1\">\u00abEcrire ce roman \u00e9tait pour moi un moyen, en me mettant dans la peau de Malak, d\u2019essayer de saisir ses angoisses, ses prises de consciences, et son inconscience aussi\u00bb.<\/span><\/strong><\/span><span id=\"more-326534\"\/><\/p>\n<p class=\"p1\"><span class=\"s1\">Apr\u00e8s \u00abUn toubib dans la ville\u00bb, l\u2019auteure marocaine Souad Jamai publie chez Virgule \u00e9ditions son nouveau roman \u00abDes ailes de papier\u00bb. Une \u0153uvre dans laquelle l\u2019\u00e9crivaine, \u00e9galement cardiologue, brosse le portrait d\u2019une jeune fille pr\u00e9nomm\u00e9e \u00abMalak\u00bb qui ne va pas jusqu\u2019au bout de ses aventures. D\u2019une \u00e9tudiante en m\u00e9decine \u00e0 une vendeuse dans un magasin, cette h\u00e9ro\u00efne, souffrant d\u2019une anomalie cardiaque qu\u2019elle ignorait, abandonne \u00e9galement sa chance inou\u00efe de se faire traiter, aux frais d\u2019une association, dans l\u2019Hexagone en optant pour la disparition. Elle entreprend la m\u00eame d\u00e9marche quant \u00e0 son s\u00e9jour d\u00e9finitif en France. Pour expliquer les d\u00e9cisions de ce personnage, Dr Jamai indique que <em>\u00abcette histoire est bas\u00e9e sur un fait r\u00e9el survenu il y a plus de dix ans\u00bb.<\/em> <em>\u00abEcrire ce roman \u00e9tait pour moi un moyen, en me mettant dans la peau de Malak, d\u2019essayer de saisir ses angoisses, ses prises de consciences, et son inconscience aussi\u00bb<\/em> pr\u00e9cise l\u2019\u00e9crivaine. Elle ne manque pas \u00e9galement de d\u00e9cortiquer la psychologie de l\u2019h\u00e9ro\u00efne en v\u00e9hiculant des messages.\u00a0<\/span><\/p>\n<p class=\"p3\"><span class=\"s1\"><strong>Il faut suivre\u00a0<\/strong><\/span><span class=\"s1\"><strong>ses propres r\u00eaves<\/strong><\/span><\/p>\n<p class=\"p1\"><span class=\"s1\">Outre son caract\u00e8re r\u00e9el, cette histoire permet, selon l\u2019auteure, de d\u00e9crire les incertitudes d\u2019un individu lorsqu\u2019il est confront\u00e9 \u00e0 des choix de vie. <em>\u00abLe parcours de Malak est sem\u00e9 de doutes et d\u2019inqui\u00e9tudes, mais le moteur de d\u00e9part est l\u2019envie de s\u2019en sortir co\u00fbte que co\u00fbte. Je pense qu\u2019elle a emprunt\u00e9, par mim\u00e9tisme, le r\u00eave des autres\u00bb,<\/em> explicite-t-elle. L\u2019auteure conduit, par l\u2019occasion, l\u2019exemple d\u2019un grand nombre de personnes dans la r\u00e9alit\u00e9 qui, selon ses dires, <em>\u00abne comprennent pas que pour atteindre un objectif, il faut que ce soit un but qui leur est propre,<span class=\"Apple-converted-space\">\u00a0<\/span> un r\u00eave construit par leurs propres d\u00e9sirs et non par celui des autres\u00bb.<\/em> Cet attachement au r\u00eave est l\u2019ingr\u00e9dient indispensable pour que la motivation soit forte et pour avoir la force n\u00e9cessaire d\u2019arriver au r\u00e9sultat escompt\u00e9 comme le d\u00e9taille Dr Jamai qui s\u2019exprime \u00e0 fond sur sa profession dans ses \u00e9crits.<\/span><\/p>\n<p class=\"p3\"><span class=\"s1\"><strong>Fort attachement\u00a0<\/strong><\/span><span class=\"s1\"><strong>\u00e0 la pratique m\u00e9dicale<\/strong><\/span><\/p>\n<p class=\"p1\"><span class=\"s2\">Selon ses dires, son m\u00e9tier est sa principale source d\u2019inspiration. <em>\u00abUn m\u00e9tier o\u00f9 l\u2019on c\u00f4toie l\u2019humain, o\u00f9 l\u2019on a l\u2019obligation de s\u2019int\u00e9resser aux \u00e9tats d\u2019\u00e2me autant qu\u2019aux probl\u00e8mes physiques, ne peut que nous faire r\u00e9fl\u00e9chir \u00e0 la condition humaine et \u00e0 sa complexit\u00e9\u00bb,<\/em> s\u2019exprime le m\u00e9decin. Elle n\u2019h\u00e9site pas \u00e0 \u00e9tablir une comparaison entre \u00abUn toubib dans la ville\u00bb et \u00abDes ailes de papier\u00bb. Contrairement au premier, le deuxi\u00e8me livre ne parle pas de m\u00e9decine. Le point de d\u00e9part de cette histoire \u00e9tant un \u00e9v\u00e9nement m\u00e9dical d\u00e9clencheur. <em>\u00abJe pense que l\u2019on ne peut d\u00e9crire correctement que de ce que l\u2019on conna\u00eet bien et ce qui nous passionne\u00bb<\/em>, encha\u00eene-t-elle. Au-del\u00e0 de la pratique m\u00e9dicale l\u2019auteure \u00e9tablit dans son roman des comparaisons entre les h\u00f4pitaux marocains et fran\u00e7ais. <em>\u00abPour moi, l\u2019h\u00f4pital est le socle sanitaire le plus important.<\/em><\/span><\/p>\n<p class=\"p1\"><span class=\"s2\"><em>Il est l\u2019\u00e9l\u00e9ment indispensable et absolument n\u00e9cessaire pour rassurer une population, le minimum \u00e0 garantir, et ce n\u2019est pas rien. Il doit \u00eatre fort et efficace, tant sur le plan humain que sur le plan technique. Dans le monde entier, la m\u00e9decine va mal \u00bb,<\/em> estime-t-elle. Dr Jamai traite \u00e9galement du secteur dans lequel elle op\u00e8re. A propos de ces infrastructures sanitaires, elle indique : <em>\u00abNous, m\u00e9decins du priv\u00e9, sommes les premiers \u00e0 en avoir besoin pour nos patients indigents que l\u2019on souhaite hospitaliser. Nous sommes les premiers \u00e0 souhaiter que l\u2019h\u00f4pital renaisse de ses cendres et reprenne sa place, son importance, pour le bien \u00eatre de tous\u00bb.<\/em> L\u2019objectif n\u2019\u00e9tant pas, d\u2019apr\u00e8s elle, de r\u00e9duire l\u2019image de la sant\u00e9 au Maroc, mais de tout faire pour lui donner l\u2019importance qu\u2019elle m\u00e9rite, et pour cela, il faut en premier signaler les anomalies et se donner les moyens pour reconstruire cette confiance en la sant\u00e9 publique. Cela \u00e9tant, \u00abDes ailes de papier\u00bb, dans lequel le m\u00e9decin conserve un brin de son sens d\u2019humour en qualifiant un enseignant de \u00abMicrobe\u00bb, finit par plein de perspectives.<\/span><\/p>\n<p class=\"p3\"><span class=\"s1\"><strong>Un d\u00e9nouement\u00a0<\/strong><\/span><span class=\"s1\"><strong>impr\u00e9visible<\/strong><\/span><\/p>\n<p class=\"p1\"><span class=\"s1\">L\u2019\u00e9crivaine choisit d\u2019associer le lecteur au d\u00e9nouement de son livre puisque Malak d\u00e9couvre que l\u2019homme qu\u2019elle aime et qu\u2019elle rencontre par hasard en France n\u2019est autre que le fils d\u2019une femme dont elle s\u2019occupe \u00e0 son retour inattendu au Maroc. <em>\u00abJ\u2019aime faire participer le lecteur et lui donner libre choix quant \u00e0 la suite de l\u2019histoire. Une fa\u00e7on de stimuler son imagination, ou de laisser la porte ouverte \u00e0 une suite du roman\u00bb,<\/em> d\u00e9taille Dr Jamai. Pour un auteur, au fur et \u00e0 mesure que se construit une intrigue, les chemins \u00e0 suivre sont nombreux et apparaissent, selon ses dires, au gr\u00e9 de l\u2019histoire. <em>\u00abJe n\u2019ai jamais de plan d\u00e9fini au d\u00e9part de l\u2019\u00e9criture. Ce serait trop rigide, et ne me laisserait pas la libert\u00e9 de suivre les chemins dict\u00e9s par l\u2019\u00e9tat d\u2019esprit du moment.<\/em><\/span><\/p>\n<p class=\"p1\"><span class=\"s1\"><em>Et justement, ce qui me passionne dans l\u2019\u00e9criture c\u2019est ce moment de cr\u00e9ation pure, dont moi-m\u00eame je ne connais pas l\u2019issue. J\u2019ai un \u00e9l\u00e9ment de d\u00e9part et par la suite, tout se construit spontan\u00e9ment, je suis parfois m\u00eame en attente, curieuse de savoir ce qui va se passer\u00bb,<\/em> poursuit-elle. Pour elle, il est \u00e9galement normal de laisser au lecteur le libre arbitre de continuer \u00e0 imaginer. De quoi faire l\u2019int\u00e9r\u00eat de l\u2019\u0153uvre.<\/span><\/p>\n<p>Auteur: Salima Guisser<br \/>\n<a href=\"http:\/\/aujourdhui.ma\/culture\/livre\/nouveau-roman-lonirisme-reel-de-souad-jamai\">Cliquez ici pour lire l&rsquo;article depuis sa source.<\/a><\/p>\n","protected":false},"excerpt":{"rendered":"<p>\u00abEcrire ce roman \u00e9tait pour moi un moyen, en me mettant dans la peau de Malak, d\u2019essayer de saisir ses angoisses, ses prises de consciences, et son inconscience aussi\u00bb. Apr\u00e8s \u00abUn toubib dans la ville\u00bb, l\u2019auteure marocaine Souad Jamai publie chez Virgule \u00e9ditions son nouveau roman \u00abDes ailes de papier\u00bb. Une \u0153uvre dans laquelle l\u2019\u00e9crivaine, [&hellip;]<\/p>\n","protected":false},"author":1759,"featured_media":0,"comment_status":"closed","ping_status":"closed","sticky":false,"template":"","format":"standard","meta":{"fifu_image_url":"","fifu_image_alt":"","footnotes":""},"categories":[73,54],"tags":[],"class_list":["post-69977","post","type-post","status-publish","format-standard","hentry","category-actualite","category-maroc"],"_links":{"self":[{"href":"https:\/\/linitiative.ca\/International\/wp-json\/wp\/v2\/posts\/69977","targetHints":{"allow":["GET"]}}],"collection":[{"href":"https:\/\/linitiative.ca\/International\/wp-json\/wp\/v2\/posts"}],"about":[{"href":"https:\/\/linitiative.ca\/International\/wp-json\/wp\/v2\/types\/post"}],"author":[{"embeddable":true,"href":"https:\/\/linitiative.ca\/International\/wp-json\/wp\/v2\/users\/1759"}],"replies":[{"embeddable":true,"href":"https:\/\/linitiative.ca\/International\/wp-json\/wp\/v2\/comments?post=69977"}],"version-history":[{"count":0,"href":"https:\/\/linitiative.ca\/International\/wp-json\/wp\/v2\/posts\/69977\/revisions"}],"wp:attachment":[{"href":"https:\/\/linitiative.ca\/International\/wp-json\/wp\/v2\/media?parent=69977"}],"wp:term":[{"taxonomy":"category","embeddable":true,"href":"https:\/\/linitiative.ca\/International\/wp-json\/wp\/v2\/categories?post=69977"},{"taxonomy":"post_tag","embeddable":true,"href":"https:\/\/linitiative.ca\/International\/wp-json\/wp\/v2\/tags?post=69977"}],"curies":[{"name":"wp","href":"https:\/\/api.w.org\/{rel}","templated":true}]}}