{"id":69979,"date":"2019-12-12T09:18:36","date_gmt":"2019-12-12T14:18:36","guid":{"rendered":"https:\/\/linitiative.ca\/International\/dakart-2020-trois-artistes-marocains-selectionnes\/"},"modified":"2019-12-12T09:18:36","modified_gmt":"2019-12-12T14:18:36","slug":"dakart-2020-trois-artistes-marocains-selectionnes","status":"publish","type":"post","link":"https:\/\/linitiative.ca\/International\/dakart-2020-trois-artistes-marocains-selectionnes\/","title":{"rendered":"Dak\u2019Art 2020 : Trois artistes marocains s\u00e9lectionn\u00e9s"},"content":{"rendered":"<p><img decoding=\"async\" class=\"post_layout_5_img\" src=\"http:\/\/aujourdhui.ma\/wp-content\/uploads\/2019\/12\/Dak%E2%80%99Art-2020-Omar-Mahfoudi-et-Mohamed-Thara-et-Laila-Hida.jpg?x29840\" alt=\"Dak\u2019Art 2020 : Trois artistes marocains s\u00e9lectionn\u00e9s\"\/><\/p>\n<p class=\"p1\"><span class=\"c4\"><strong><em>Ils ont \u00e9t\u00e9 choisis aux c\u00f4t\u00e9s de 61 artistes venus de 28 pays<\/em><\/strong><\/span> <span id=\"more-326568\"\/><\/p>\n<div class=\"base-box mom_box_sc_custom mom_box_sc clear c5\" readability=\"8\">\n<p class=\"p1\"><strong><em>Ces artistes sont invit\u00e9s \u00e0 exposer leurs cr\u00e9ations \u00e0 l\u2019exposition internationale pr\u00e9vue \u00e0 l\u2019ancien Palais de justice.<\/em><\/strong><\/p>\n<\/div>\n<p class=\"p1\"><span class=\"s1\">La grand-messe de l\u2019art contemporain en Afrique, la Biennale de l\u2019art africain contemporain, \u00abDak\u2019Art 2020\u00bb, pr\u00e9vue du 28 mai au 28 juin 2020, a d\u00e9voil\u00e9 sa s\u00e9lection officielle. 64 artistes issus de 28 pays dont trois Marocains, \u00e0 savoir Laila Hida, Mohamed Thara et Omar Mahfoudi, ont \u00e9t\u00e9 s\u00e9lectionn\u00e9s pour r\u00e9pondre au th\u00e8me g\u00e9n\u00e9ral de cette \u00e9dition \u00ab\u0128\u2019Ndaffa\/Forger\/Out of the fire\u00bb. En effet, la premi\u00e8re artiste qui est Leila Hida explore dans son approche conceptuelle les limites de la pratique photographique, les espaces non n\u00e9goci\u00e9s des pratiques sociales et l\u2019id\u00e9e de transformation comme constante du temps. Son projet actuel, \u00abTout est temporaire\u00bb (2019) s\u2019appuie sur ses archives personnelles (textuelles et photographiques) pour esquisser une arch\u00e9ologie de l\u2019intimit\u00e9 en observant les variations psychologiques (r\u00e9silience, auto-analyse) sur la maturation d\u2019une \u0153uvre d\u2019art \u00e0 travers le temps et l\u2019espace. En ce qui concerne Mohamed Thara, il est l\u2019un des artistes multidisciplinaires confirm\u00e9s.<\/span><\/p>\n<p class=\"p1\"><span class=\"s1\">D\u2019ailleurs, il est peintre, photographe, vid\u00e9aste et performeur. Il soul\u00e8ve \u00e0 travers ses \u0153uvres de nombreuses questions li\u00e9es notamment \u00e0 l\u2019histoire, la m\u00e9moire, le mal, l\u2019identit\u00e9, la douleur et le chaos. Cet artiste aux talents multiples est laur\u00e9at de l\u2019Ecole sup\u00e9rieure des beaux-arts de Bordeaux (DNSEP) et d\u2019un master en esth\u00e9tique et arts plastiques \u00e0 l\u2019Universit\u00e9 de Bordeaux Montaigne. Form\u00e9 aux techniques photographiques \u00e0 l\u2019Ecole de l\u2019Institut national de l\u2019audiovisuel de Paris (Ina Sup) et \u00e0 l\u2019\u00e9cole de cin\u00e9ma professionnelle Arscipro de Paris, il int\u00e8grera par la suite l\u2019\u00e9cole doctorale Montaigne Humanit\u00e9s pour pr\u00e9parer une th\u00e8se de doctorat en \u00e9tudes cin\u00e9matographiques et audiovisuelles.<\/span><\/p>\n<p class=\"p1\"><span class=\"s1\">Enfin, il ne faut pas oublier Omar Mahfoud. Cet artiste fait partie des artistes marocains contemporains qui expriment leur d\u00e9sarroi et leur mal-\u00eatre dans la soci\u00e9t\u00e9. Pour lui l\u2019art est son auto-th\u00e9rapie, celle par laquelle il cherche interminablement l\u2019inconnu de sa nature. Ce Tang\u00e9rois s\u2019est trouv\u00e9 tr\u00e8s t\u00f4t une passion pour les arts plastiques qu\u2019il met en pratique depuis plusieurs ann\u00e9es au travers d\u2019expositions en Europe et ailleurs. Du film d\u2019animation picturale, en passant par la vid\u00e9o exp\u00e9rimentale, l\u2019\u0153uvre d\u2019Omar Mahfoudi t\u00e9moigne de son choix.<\/span><\/p>\n<p class=\"p1\"><span class=\"s1\">Pour noter, ces artistes sont invit\u00e9s \u00e0 exposer leurs cr\u00e9ations \u00e0 l\u2019exposition internationale pr\u00e9vue \u00e0 l\u2019ancien Palais de justice. La 14\u00e8me \u00e9dition de ce rendez-vous artistique co\u00efncidera avec les trente ans de la manifestation. Ainsi, elle propose, outre l\u2019exposition internationale, des rencontres professionnelles et scientifiques et d\u2019autres projets sp\u00e9ciaux.<\/span><\/p>\n<p>Auteur: Siham Jadraoui<br \/>\n<a href=\"http:\/\/aujourdhui.ma\/culture\/dakart-2020-trois-artistes-marocains-selectionnes\">Cliquez ici pour lire l&rsquo;article depuis sa source.<\/a><\/p>\n","protected":false},"excerpt":{"rendered":"<p>Ils ont \u00e9t\u00e9 choisis aux c\u00f4t\u00e9s de 61 artistes venus de 28 pays Ces artistes sont invit\u00e9s \u00e0 exposer leurs cr\u00e9ations \u00e0 l\u2019exposition internationale pr\u00e9vue \u00e0 l\u2019ancien Palais de justice. La grand-messe de l\u2019art contemporain en Afrique, la Biennale de l\u2019art africain contemporain, \u00abDak\u2019Art 2020\u00bb, pr\u00e9vue du 28 mai au 28 juin 2020, a d\u00e9voil\u00e9 [&hellip;]<\/p>\n","protected":false},"author":1759,"featured_media":0,"comment_status":"closed","ping_status":"closed","sticky":false,"template":"","format":"standard","meta":{"fifu_image_url":"","fifu_image_alt":"","footnotes":""},"categories":[73,54],"tags":[],"class_list":["post-69979","post","type-post","status-publish","format-standard","hentry","category-actualite","category-maroc"],"_links":{"self":[{"href":"https:\/\/linitiative.ca\/International\/wp-json\/wp\/v2\/posts\/69979","targetHints":{"allow":["GET"]}}],"collection":[{"href":"https:\/\/linitiative.ca\/International\/wp-json\/wp\/v2\/posts"}],"about":[{"href":"https:\/\/linitiative.ca\/International\/wp-json\/wp\/v2\/types\/post"}],"author":[{"embeddable":true,"href":"https:\/\/linitiative.ca\/International\/wp-json\/wp\/v2\/users\/1759"}],"replies":[{"embeddable":true,"href":"https:\/\/linitiative.ca\/International\/wp-json\/wp\/v2\/comments?post=69979"}],"version-history":[{"count":0,"href":"https:\/\/linitiative.ca\/International\/wp-json\/wp\/v2\/posts\/69979\/revisions"}],"wp:attachment":[{"href":"https:\/\/linitiative.ca\/International\/wp-json\/wp\/v2\/media?parent=69979"}],"wp:term":[{"taxonomy":"category","embeddable":true,"href":"https:\/\/linitiative.ca\/International\/wp-json\/wp\/v2\/categories?post=69979"},{"taxonomy":"post_tag","embeddable":true,"href":"https:\/\/linitiative.ca\/International\/wp-json\/wp\/v2\/tags?post=69979"}],"curies":[{"name":"wp","href":"https:\/\/api.w.org\/{rel}","templated":true}]}}