{"id":69980,"date":"2019-12-12T06:42:56","date_gmt":"2019-12-12T11:42:56","guid":{"rendered":"https:\/\/linitiative.ca\/International\/samedi-a-rabat-5e-session-de-son-comite-central-du-pps\/"},"modified":"2019-12-12T06:42:56","modified_gmt":"2019-12-12T11:42:56","slug":"samedi-a-rabat-5e-session-de-son-comite-central-du-pps","status":"publish","type":"post","link":"https:\/\/linitiative.ca\/International\/samedi-a-rabat-5e-session-de-son-comite-central-du-pps\/","title":{"rendered":"Samedi \u00e0 Rabat: 5e session de son Comit\u00e9 central du PPS"},"content":{"rendered":"<p class=\"has-text-color has-vivid-cyan-blue-color\"><strong>Le Comit\u00e9 central du Parti du progr\u00e8s et du socialisme tiendra,\u00a0 sous la pr\u00e9sidence du\u00a0 Secr\u00e9taire g\u00e9n\u00e9ral Mohamed Nabil Benabdallah, sa cinqui\u00e8me session samedi 14 d\u00e9cembre 2019 \u00e0 partir de 9H au si\u00e8ge national du Parti sis au boulevard Azzaitoune \u00e0 Hay Riad \u2013 Rabat.<\/strong><\/p>\n<p class=\"has-text-color has-vivid-red-color\"><strong>A l\u2019ordre du jour de cette session figurent\u00a0:<\/strong><\/p>\n<p>1 \u2013 La pr\u00e9sentation du rapport du Bureau politique sur la situation politique actuelle, englobant la pr\u00e9sentation du document <strong>\u00abTajddor wa insihar\u00bb.<\/strong><\/p>\n<p>Rapporteur\u00a0: le Secr\u00e9taire g\u00e9n\u00e9ral<\/p>\n<p>2 \u2013 Discussion du rapport du Bureau politique<\/p>\n<p>3 \u2013 Vote du rapport du Bureau politique et adoption du document <strong>\u00abTajddor wa insihar\u00bb.<\/strong><\/p>\n<p>4 \u2013 Pr\u00e9sentation et vote du communiqu\u00e9 final.<\/p>\n<p>Auteur: M&rsquo;hammed rahal<br \/>\n<a href=\"http:\/\/albayane.press.ma\/samedi-a-rabat-5e-session-de-son-comite-central-du-pps.html\">Cliquez ici pour lire l&rsquo;article depuis sa source.<\/a><\/p>\n","protected":false},"excerpt":{"rendered":"<p>Le Comit\u00e9 central du Parti du progr\u00e8s et du socialisme tiendra,\u00a0 sous la pr\u00e9sidence du\u00a0 Secr\u00e9taire g\u00e9n\u00e9ral Mohamed Nabil Benabdallah, sa cinqui\u00e8me session samedi 14 d\u00e9cembre 2019 \u00e0 partir de 9H au si\u00e8ge national du Parti sis au boulevard Azzaitoune \u00e0 Hay Riad \u2013 Rabat. A l\u2019ordre du jour de cette session figurent\u00a0: 1 \u2013 [&hellip;]<\/p>\n","protected":false},"author":1760,"featured_media":0,"comment_status":"closed","ping_status":"closed","sticky":false,"template":"","format":"standard","meta":{"fifu_image_url":"","fifu_image_alt":"","footnotes":""},"categories":[73,54],"tags":[],"class_list":["post-69980","post","type-post","status-publish","format-standard","hentry","category-actualite","category-maroc"],"_links":{"self":[{"href":"https:\/\/linitiative.ca\/International\/wp-json\/wp\/v2\/posts\/69980","targetHints":{"allow":["GET"]}}],"collection":[{"href":"https:\/\/linitiative.ca\/International\/wp-json\/wp\/v2\/posts"}],"about":[{"href":"https:\/\/linitiative.ca\/International\/wp-json\/wp\/v2\/types\/post"}],"author":[{"embeddable":true,"href":"https:\/\/linitiative.ca\/International\/wp-json\/wp\/v2\/users\/1760"}],"replies":[{"embeddable":true,"href":"https:\/\/linitiative.ca\/International\/wp-json\/wp\/v2\/comments?post=69980"}],"version-history":[{"count":0,"href":"https:\/\/linitiative.ca\/International\/wp-json\/wp\/v2\/posts\/69980\/revisions"}],"wp:attachment":[{"href":"https:\/\/linitiative.ca\/International\/wp-json\/wp\/v2\/media?parent=69980"}],"wp:term":[{"taxonomy":"category","embeddable":true,"href":"https:\/\/linitiative.ca\/International\/wp-json\/wp\/v2\/categories?post=69980"},{"taxonomy":"post_tag","embeddable":true,"href":"https:\/\/linitiative.ca\/International\/wp-json\/wp\/v2\/tags?post=69980"}],"curies":[{"name":"wp","href":"https:\/\/api.w.org\/{rel}","templated":true}]}}