{"id":69984,"date":"2019-12-12T09:53:15","date_gmt":"2019-12-12T14:53:15","guid":{"rendered":"https:\/\/linitiative.ca\/International\/nomination-kamel-guizani-nouveau-directeur-general-de-la-surete-nationale\/"},"modified":"2019-12-12T09:53:15","modified_gmt":"2019-12-12T14:53:15","slug":"nomination-kamel-guizani-nouveau-directeur-general-de-la-surete-nationale","status":"publish","type":"post","link":"https:\/\/linitiative.ca\/International\/nomination-kamel-guizani-nouveau-directeur-general-de-la-surete-nationale\/","title":{"rendered":"Nomination\u00a0: Kamel Guizani nouveau directeur g\u00e9n\u00e9ral de la s\u00fbret\u00e9 nationale"},"content":{"rendered":"<p>Le ministre de l\u2019Int\u00e9rieur, Hicham Fourati, a nomm\u00e9 Kamel Guizani nouveau directeur<br \/>g\u00e9n\u00e9ral de la s\u00fbret\u00e9 nationale, en remplacement de Rached Bettaieb.<br \/>La nomination de Kamel Guizani intervient suite \u00e0 la demande du directeur g\u00e9n\u00e9ral de la<br \/>s\u00fbret\u00e9 nationale, Rached Bettaieb, d\u2019\u00eatre relev\u00e9 de ses fonctions pour des raisons personnelles,<br \/>pr\u00e9cise un communiqu\u00e9 publi\u00e9 mercredi soir par le minist\u00e8re de l\u2019Int\u00e9rieur.<br \/>Rached Bettaieb sera affect\u00e9 \u00e0 d\u2019autres fonctions, indique-t-on de m\u00eame source.<\/p>\n<p class=\"dpsp-share-text\">Partager c&rsquo;est aimer!<\/p>\n<div class=\"wp-post-author-wrap wp-post-author-shortcode left\">\n<h3 class=\"awpa-title\"\/>\n<div class=\"wp-post-author\">\n<div class=\"awpa-img awpa-author-block square\"><a href=\"http:\/\/lexpertjournal.net\/fr\/author\/expert\/\"><img loading=\"lazy\" decoding=\"async\" alt=\"\" src=\"http:\/\/0.gravatar.com\/avatar\/c828f0b17d24309f0d01a4eac3747085?s=150&#038;d=mm&#038;r=g\" srcset=\"http:\/\/0.gravatar.com\/avatar\/c828f0b17d24309f0d01a4eac3747085?s=300&#038;d=mm&#038;r=g 2x\" class=\"avatar avatar-150 photo\" height=\"150\" width=\"150\"\/><\/a><\/div>\n<\/div>\n<\/div>\n<p>Auteur: L&rsquo;expert<br \/>\n<a href=\"http:\/\/lexpertjournal.net\/fr\/2019\/12\/12\/nomination-kamel-guizani-nouveau-directeur-general-de-la-surete-nationale\/\">Cliquez ici pour lire l&rsquo;article depuis sa source.<\/a><\/p>\n","protected":false},"excerpt":{"rendered":"<p>Le ministre de l\u2019Int\u00e9rieur, Hicham Fourati, a nomm\u00e9 Kamel Guizani nouveau directeurg\u00e9n\u00e9ral de la s\u00fbret\u00e9 nationale, en remplacement de Rached Bettaieb.La nomination de Kamel Guizani intervient suite \u00e0 la demande du directeur g\u00e9n\u00e9ral de las\u00fbret\u00e9 nationale, Rached Bettaieb, d\u2019\u00eatre relev\u00e9 de ses fonctions pour des raisons personnelles,pr\u00e9cise un communiqu\u00e9 publi\u00e9 mercredi soir par le minist\u00e8re [&hellip;]<\/p>\n","protected":false},"author":1775,"featured_media":0,"comment_status":"closed","ping_status":"closed","sticky":false,"template":"","format":"standard","meta":{"fifu_image_url":"","fifu_image_alt":"","footnotes":""},"categories":[78,55],"tags":[],"class_list":["post-69984","post","type-post","status-publish","format-standard","hentry","category-economie","category-tunisie"],"_links":{"self":[{"href":"https:\/\/linitiative.ca\/International\/wp-json\/wp\/v2\/posts\/69984","targetHints":{"allow":["GET"]}}],"collection":[{"href":"https:\/\/linitiative.ca\/International\/wp-json\/wp\/v2\/posts"}],"about":[{"href":"https:\/\/linitiative.ca\/International\/wp-json\/wp\/v2\/types\/post"}],"author":[{"embeddable":true,"href":"https:\/\/linitiative.ca\/International\/wp-json\/wp\/v2\/users\/1775"}],"replies":[{"embeddable":true,"href":"https:\/\/linitiative.ca\/International\/wp-json\/wp\/v2\/comments?post=69984"}],"version-history":[{"count":0,"href":"https:\/\/linitiative.ca\/International\/wp-json\/wp\/v2\/posts\/69984\/revisions"}],"wp:attachment":[{"href":"https:\/\/linitiative.ca\/International\/wp-json\/wp\/v2\/media?parent=69984"}],"wp:term":[{"taxonomy":"category","embeddable":true,"href":"https:\/\/linitiative.ca\/International\/wp-json\/wp\/v2\/categories?post=69984"},{"taxonomy":"post_tag","embeddable":true,"href":"https:\/\/linitiative.ca\/International\/wp-json\/wp\/v2\/tags?post=69984"}],"curies":[{"name":"wp","href":"https:\/\/api.w.org\/{rel}","templated":true}]}}