{"id":69985,"date":"2019-12-12T09:54:48","date_gmt":"2019-12-12T14:54:48","guid":{"rendered":"https:\/\/linitiative.ca\/International\/incident-du-bateau-togolais-cellule-de-crise-a-bizerte\/"},"modified":"2019-12-12T09:54:48","modified_gmt":"2019-12-12T14:54:48","slug":"incident-du-bateau-togolais-cellule-de-crise-a-bizerte","status":"publish","type":"post","link":"https:\/\/linitiative.ca\/International\/incident-du-bateau-togolais-cellule-de-crise-a-bizerte\/","title":{"rendered":"Incident du bateau togolais : Cellule de crise \u00e0 Bizerte"},"content":{"rendered":"<p>Une cellule de crise a \u00e9t\u00e9 cr\u00e9\u00e9e par la commission r\u00e9gionale d\u2019organisation des secours \u00e0<br \/>Bizerte apr\u00e8s qu\u2019un bateau a chavir\u00e9, mercredi, sur la plage de Rimel dans la d\u00e9l\u00e9gation de<br \/>Menzel Jemil (gouvernorat de Bizerte).<br \/>La commission est charg\u00e9e de suivre, examiner et traiter tous les questions li\u00e9es \u00e0 cet incident,<br \/>selon Mohamed Gouider, gouverneur de Bizerte.<br \/>T\u00f4t dans la matin\u00e9e, un bateau battant pavillon togolais s\u2019est \u00e9chou\u00e9 sur les cotes de Bizerte<br \/>en raison du mauvais temps, avait soulign\u00e9 Lotfi Sassi, directeur du port commercial de<br \/>Bizerte \u2013 Menzel Bourguiba.<br \/>A bord du bateau de 84 m\u00e8tres de longueur, un \u00e9quipage de 10 personnes de diff\u00e9rentes<br \/>nationalit\u00e9s dont 6 Indiens, 2 Egyptiens et 2 Syriens.<br \/>Pour rappel, le navire \u00e9tait en mer depuis quelques jours en l\u2019attente d\u2019un temps cl\u00e9ment pour<br \/>pouvoir traverser le canal et regagner le port de r\u00e9paration navale de Menzel Bourguiba.<\/p>\n<p class=\"dpsp-share-text\">Partager c&rsquo;est aimer!<\/p>\n<div class=\"wp-post-author-wrap wp-post-author-shortcode left\">\n<h3 class=\"awpa-title\"\/>\n<div class=\"wp-post-author\">\n<div class=\"awpa-img awpa-author-block square\"><a href=\"http:\/\/lexpertjournal.net\/fr\/author\/expert\/\"><img loading=\"lazy\" decoding=\"async\" alt=\"\" src=\"http:\/\/0.gravatar.com\/avatar\/c828f0b17d24309f0d01a4eac3747085?s=150&#038;d=mm&#038;r=g\" srcset=\"http:\/\/0.gravatar.com\/avatar\/c828f0b17d24309f0d01a4eac3747085?s=300&#038;d=mm&#038;r=g 2x\" class=\"avatar avatar-150 photo\" height=\"150\" width=\"150\"\/><\/a><\/div>\n<\/div>\n<\/div>\n<p>Auteur: L&rsquo;expert<br \/>\n<a href=\"http:\/\/lexpertjournal.net\/fr\/2019\/12\/12\/incident-du-bateau-togolais-cellule-de-crise-a-bizerte\/\">Cliquez ici pour lire l&rsquo;article depuis sa source.<\/a><\/p>\n","protected":false},"excerpt":{"rendered":"<p>Une cellule de crise a \u00e9t\u00e9 cr\u00e9\u00e9e par la commission r\u00e9gionale d\u2019organisation des secours \u00e0Bizerte apr\u00e8s qu\u2019un bateau a chavir\u00e9, mercredi, sur la plage de Rimel dans la d\u00e9l\u00e9gation deMenzel Jemil (gouvernorat de Bizerte).La commission est charg\u00e9e de suivre, examiner et traiter tous les questions li\u00e9es \u00e0 cet incident,selon Mohamed Gouider, gouverneur de Bizerte.T\u00f4t dans [&hellip;]<\/p>\n","protected":false},"author":1775,"featured_media":0,"comment_status":"closed","ping_status":"closed","sticky":false,"template":"","format":"standard","meta":{"fifu_image_url":"","fifu_image_alt":"","footnotes":""},"categories":[78,55],"tags":[],"class_list":["post-69985","post","type-post","status-publish","format-standard","hentry","category-economie","category-tunisie"],"_links":{"self":[{"href":"https:\/\/linitiative.ca\/International\/wp-json\/wp\/v2\/posts\/69985","targetHints":{"allow":["GET"]}}],"collection":[{"href":"https:\/\/linitiative.ca\/International\/wp-json\/wp\/v2\/posts"}],"about":[{"href":"https:\/\/linitiative.ca\/International\/wp-json\/wp\/v2\/types\/post"}],"author":[{"embeddable":true,"href":"https:\/\/linitiative.ca\/International\/wp-json\/wp\/v2\/users\/1775"}],"replies":[{"embeddable":true,"href":"https:\/\/linitiative.ca\/International\/wp-json\/wp\/v2\/comments?post=69985"}],"version-history":[{"count":0,"href":"https:\/\/linitiative.ca\/International\/wp-json\/wp\/v2\/posts\/69985\/revisions"}],"wp:attachment":[{"href":"https:\/\/linitiative.ca\/International\/wp-json\/wp\/v2\/media?parent=69985"}],"wp:term":[{"taxonomy":"category","embeddable":true,"href":"https:\/\/linitiative.ca\/International\/wp-json\/wp\/v2\/categories?post=69985"},{"taxonomy":"post_tag","embeddable":true,"href":"https:\/\/linitiative.ca\/International\/wp-json\/wp\/v2\/tags?post=69985"}],"curies":[{"name":"wp","href":"https:\/\/api.w.org\/{rel}","templated":true}]}}