{"id":69986,"date":"2019-12-12T13:04:17","date_gmt":"2019-12-12T18:04:17","guid":{"rendered":"https:\/\/linitiative.ca\/International\/rabehi-recoit-lambassadeur-de-turquie-a-lissue-de-sa-mission-en-algerie\/"},"modified":"2019-12-12T13:04:17","modified_gmt":"2019-12-12T18:04:17","slug":"rabehi-recoit-lambassadeur-de-turquie-a-lissue-de-sa-mission-en-algerie","status":"publish","type":"post","link":"https:\/\/linitiative.ca\/International\/rabehi-recoit-lambassadeur-de-turquie-a-lissue-de-sa-mission-en-algerie\/","title":{"rendered":"Rabehi re\u00e7oit l&rsquo;ambassadeur de Turquie \u00e0 l&rsquo;issue de sa mission en Alg\u00e9rie"},"content":{"rendered":"<p><span class=\"sp-nh-title\">Pr\u00e9sidentielle: le taux de participation par wilayas annonc\u00e9 \u00e0 15h<\/span> &#8211; <span class=\"sp-nh-date\">jeudi 12 d\u00e9cembre 2019 18:46<\/span><\/p>\n<p><span class=\"sp-nh-title\">Election pr\u00e9sidentielle: il brave son handicap et vote \u00e0 Tebessa<\/span> &#8211; <span class=\"sp-nh-date\">jeudi 12 d\u00e9cembre 2019 18:45<\/span><\/p>\n<p><span class=\"sp-nh-title\">Pr\u00e9sidentielle: participation croissante dans les centres de vote des wilayas de l&rsquo;Ouest<\/span> &#8211; <span class=\"sp-nh-date\">jeudi 12 d\u00e9cembre 2019 18:43<\/span><\/p>\n<p><span class=\"sp-nh-title\">ANIE: hausse appr\u00e9ciable du taux de participation de la communaut\u00e9 alg\u00e9rienne \u00e0 Tunis au dernier jour du scrutin<\/span> &#8211; <span class=\"sp-nh-date\">jeudi 12 d\u00e9cembre 2019 18:41<\/span><\/p>\n<p><span class=\"sp-nh-title\">Pr\u00e9sidentielle: les \u00e9lecteurs continuent d\u2019affluer vers les urnes dans les wilayas du Sud<\/span> &#8211; <span class=\"sp-nh-date\">jeudi 12 d\u00e9cembre 2019 18:38<\/span><\/p>\n<p><span class=\"sp-nh-title\">Pr\u00e9sidentielle: 17 personnes arr\u00eat\u00e9es \u00e0 Ain Temouchent pour entrave \u00e0 l&rsquo;op\u00e9ration de vote<\/span> &#8211; <span class=\"sp-nh-date\">jeudi 12 d\u00e9cembre 2019 18:34<\/span><\/p>\n<p><span class=\"sp-nh-title\">Le scrutin se d\u00e9roule dans le calme et la bonne organisation \u00e0 Alger Ouest<\/span> &#8211; <span class=\"sp-nh-date\">jeudi 12 d\u00e9cembre 2019 18:31<\/span><\/p>\n<p><span class=\"sp-nh-title\">Affluence des \u00e9lecteurs vers les bureaux de vote dans l\u2019Est du pays<\/span> &#8211; <span class=\"sp-nh-date\">jeudi 12 d\u00e9cembre 2019 18:07<\/span><\/p>\n<p><span class=\"sp-nh-title\">L&rsquo;op\u00e9ration de vote se poursuit dans des conditions normales \u00e0 travers la majorit\u00e9 des wilayas<\/span> &#8211; <span class=\"sp-nh-date\">jeudi 12 d\u00e9cembre 2019 18:02<\/span><\/p>\n<p><span class=\"sp-nh-title\">Remise de 500 nouvelles cartes d&rsquo;\u00e9lecteur \u00e0 leurs propri\u00e9taires \u00e0 Mila<\/span> &#8211; <span class=\"sp-nh-date\">jeudi 12 d\u00e9cembre 2019 17:38<\/span><\/p>\n<p><span class=\"sp-nh-title\">Des citoyens affirment \u00e0 Batna voter pour l\u2019Alg\u00e9rie<\/span> &#8211; <span class=\"sp-nh-date\">jeudi 12 d\u00e9cembre 2019 17:35<\/span><\/p>\n<p><span class=\"sp-nh-title\">Bordj Bou Arr\u00e9ridj: changement du lieu de vote pour harc\u00e8lements d\u2019opposants au scrutin (ANIE)<\/span> &#8211; <span class=\"sp-nh-date\">jeudi 12 d\u00e9cembre 2019 17:19<\/span><\/p>\n<p><span class=\"sp-nh-title\">Affluence consid\u00e9rable des jeunes et des femmes au niveau des centres de vote \u00e0 Blida<\/span> &#8211; <span class=\"sp-nh-date\">jeudi 12 d\u00e9cembre 2019 17:17<\/span><\/p>\n<p><span class=\"sp-nh-title\">Pr\u00e9sidentielle: une \u00e9lection empreinte d\u2019espoir et d\u2019attente \u00e0 Constantine<\/span> &#8211; <span class=\"sp-nh-date\">jeudi 12 d\u00e9cembre 2019 17:16<\/span><\/p>\n<p><span class=\"sp-nh-title\">Communaut\u00e9 nationale : le flux reste r\u00e9gulier au 6e et dernier jour du scrutin<\/span> &#8211; <span class=\"sp-nh-date\">jeudi 12 d\u00e9cembre 2019 17:14<\/span><\/p>\n<p><span class=\"sp-nh-title\">Pr\u00e9sidentielle: les retardataires aux urnes \u00e0 Paris avant la fermeture des bureaux de vote<\/span> &#8211; <span class=\"sp-nh-date\">jeudi 12 d\u00e9cembre 2019 17:10<\/span><\/p>\n<p><span class=\"sp-nh-title\">5+5 D\u00e9fense : l&rsquo;Alg\u00e9rie prend part \u00e0 Rome \u00e0 la r\u00e9union minist\u00e9rielle des pays membres<\/span> &#8211; <span class=\"sp-nh-date\">jeudi 12 d\u00e9cembre 2019 16:55<\/span><\/p>\n<p><span class=\"sp-nh-title\">Pr\u00e9sidentielle: le scrutin se d\u00e9roule dans de bonnes conditions \u00e0 Alger-centre<\/span> &#8211; <span class=\"sp-nh-date\">jeudi 12 d\u00e9cembre 2019 16:54<\/span><\/p>\n<p><span class=\"sp-nh-title\">Directeur de campagne de Mihoubi: un taux de vote encourageant<\/span> &#8211; <span class=\"sp-nh-date\">jeudi 12 d\u00e9cembre 2019 16:42<\/span><\/p>\n<p><span class=\"sp-nh-title\">Pr\u00e9sidentielle: un taux national de participation de 20,43% \u00e0 15h00<\/span> &#8211; <span class=\"sp-nh-date\">jeudi 12 d\u00e9cembre 2019 16:36<\/span><\/p>\n<p>Auteur:<br \/>\n<a href=\"http:\/\/www.aps.dz\/culture\/98831-rabehi-recoit-l-ambassadeur-de-turquie-a-l-issue-de-sa-mission-en-algerie\">Cliquez ici pour lire l&rsquo;article depuis sa source.<\/a><\/p>\n","protected":false},"excerpt":{"rendered":"<p>Pr\u00e9sidentielle: le taux de participation par wilayas annonc\u00e9 \u00e0 15h &#8211; jeudi 12 d\u00e9cembre 2019 18:46 Election pr\u00e9sidentielle: il brave son handicap et vote \u00e0 Tebessa &#8211; jeudi 12 d\u00e9cembre 2019 18:45 Pr\u00e9sidentielle: participation croissante dans les centres de vote des wilayas de l&rsquo;Ouest &#8211; jeudi 12 d\u00e9cembre 2019 18:43 ANIE: hausse appr\u00e9ciable du taux [&hellip;]<\/p>\n","protected":false},"author":1790,"featured_media":0,"comment_status":"closed","ping_status":"closed","sticky":false,"template":"","format":"standard","meta":{"fifu_image_url":"","fifu_image_alt":"","footnotes":""},"categories":[53,79],"tags":[],"class_list":["post-69986","post","type-post","status-publish","format-standard","hentry","category-algerie","category-culture"],"_links":{"self":[{"href":"https:\/\/linitiative.ca\/International\/wp-json\/wp\/v2\/posts\/69986","targetHints":{"allow":["GET"]}}],"collection":[{"href":"https:\/\/linitiative.ca\/International\/wp-json\/wp\/v2\/posts"}],"about":[{"href":"https:\/\/linitiative.ca\/International\/wp-json\/wp\/v2\/types\/post"}],"author":[{"embeddable":true,"href":"https:\/\/linitiative.ca\/International\/wp-json\/wp\/v2\/users\/1790"}],"replies":[{"embeddable":true,"href":"https:\/\/linitiative.ca\/International\/wp-json\/wp\/v2\/comments?post=69986"}],"version-history":[{"count":0,"href":"https:\/\/linitiative.ca\/International\/wp-json\/wp\/v2\/posts\/69986\/revisions"}],"wp:attachment":[{"href":"https:\/\/linitiative.ca\/International\/wp-json\/wp\/v2\/media?parent=69986"}],"wp:term":[{"taxonomy":"category","embeddable":true,"href":"https:\/\/linitiative.ca\/International\/wp-json\/wp\/v2\/categories?post=69986"},{"taxonomy":"post_tag","embeddable":true,"href":"https:\/\/linitiative.ca\/International\/wp-json\/wp\/v2\/tags?post=69986"}],"curies":[{"name":"wp","href":"https:\/\/api.w.org\/{rel}","templated":true}]}}