{"id":69993,"date":"2019-12-11T17:02:38","date_gmt":"2019-12-11T22:02:38","guid":{"rendered":"https:\/\/linitiative.ca\/International\/sa-majeste-le-roi-preside-un-conseil-des-ministres\/"},"modified":"2019-12-11T17:02:38","modified_gmt":"2019-12-11T22:02:38","slug":"sa-majeste-le-roi-preside-un-conseil-des-ministres","status":"publish","type":"post","link":"https:\/\/linitiative.ca\/International\/sa-majeste-le-roi-preside-un-conseil-des-ministres\/","title":{"rendered":"Sa Majest\u00e9 le Roi pr\u00e9side un Conseil des ministres"},"content":{"rendered":"<div readability=\"42\">\n<p>Rabat \u2013 Sa Majest\u00e9 le Roi Mohammed VI, que Dieu L\u2019assiste, a pr\u00e9sid\u00e9, mercredi au Palais Royal \u00e0 Rabat, un Conseil des ministres, au cours duquel il a \u00e9t\u00e9 proc\u00e9d\u00e9 \u00e0 l\u2019approbation de deux projets de loi et de deux conventions internationales, indique un communiqu\u00e9 lu par le porte-parole du Palais Royal, M. Abdelhak Lamrini.<\/p>\n<\/div>\n<div readability=\"86\">\n<p>Voici la traduction du communiqu\u00e9:<\/p>\n<p>\u00ab\u00a0Sa Majest\u00e9 le Roi Mohammed VI, que Dieu L\u2019assiste, a pr\u00e9sid\u00e9, mercredi\u00a0 11 d\u00e9cembre 2019 au Palais Royal \u00e0 Rabat, un Conseil des ministres, au cours duquel il a \u00e9t\u00e9 proc\u00e9d\u00e9 \u00e0 l\u2019approbation de deux projets de loi et de deux conventions internationales.<\/p>\n<p>Au d\u00e9but des travaux du Conseil des ministres, un projet de loi organique compl\u00e9tant la loi organique relative \u00e0 la nomination aux hautes fonctions a \u00e9t\u00e9 approuv\u00e9, conform\u00e9ment aux dispositions des articles 49 et 92 de la Constitution.<\/p>\n<p>Ce projet vise \u00e0 compl\u00e9ter la liste des \u00e9tablissements publics et des hautes fonctions, en ajoutant \u00ab\u00a0l\u2019Agence nationale des \u00e9quipements publics\u00a0\u00bb, ainsi que les \u00ab\u00a0chefs des repr\u00e9sentations administratives r\u00e9gionales sectorielles\u00a0\u00bb et les \u00ab\u00a0chefs des repr\u00e9sentations administratives r\u00e9gionales communes\u00a0\u00bb, stipul\u00e9s par le d\u00e9cret portant Charte nationale de la d\u00e9concentration administrative, \u00e0 la liste des \u00e9tablissements publics et des hautes fonctions publiques dont les nominations sont examin\u00e9es au sein du Conseil du gouvernement.<\/p>\n<p>Le Conseil des ministres a \u00e9galement approuv\u00e9 un projet de loi relatif au contr\u00f4le de l\u2019exportation et de l\u2019importation des biens \u00e0 double usage, civil et militaire, et des services qui leur sont li\u00e9s.<\/p>\n<p>Ce projet s\u2019inscrit dans le cadre du respect par le Maroc de ses engagements internationaux en mati\u00e8re de lutte contre la prolif\u00e9ration des armes de destruction massive, notamment par le biais du contr\u00f4le de l\u2019exportation et de l\u2019importation de ces biens \u00e0 double usage.<\/p>\n<p>Le projet vise \u00e0 fixer le r\u00e9gime appliqu\u00e9 \u00e0 l\u2019exportation et l\u2019importation de ces biens et des services qui leur sont li\u00e9s, \u00e0 l\u2019exception de ceux r\u00e9serv\u00e9s \u00e0 la D\u00e9fense Nationale, ainsi que le r\u00e9gime d\u2019autorisation relatif \u00e0 l\u2019exportation, l\u2019importation, le transit, le contr\u00f4le, l\u2019identification des infractions et la fixation des engagements des exportateurs et importateurs.<\/p>\n<p>Dans le cadre du respect du Maroc de ses engagements r\u00e9gionaux et internationaux, le Conseil des ministres a approuv\u00e9 deux projets de conventions multipartites, appuy\u00e9s par deux projets de loi. Il s\u2019agit d\u2019une Convention multipartite pour la mise en \u0153uvre des mesures relatives aux conventions fiscales pour pr\u00e9venir l\u2019\u00e9rosion de l\u2019assiette fiscale et le transfert de b\u00e9n\u00e9fices, ainsi que d\u2019une convention multipartite entre les autorit\u00e9s comp\u00e9tentes en mati\u00e8re d\u2019\u00e9change de renseignements fiscaux concernant chaque pays.<\/p>\n<\/div>\n<p>Auteur: Meriem IGASS<br \/>\n<a href=\"http:\/\/www.mapmarrakech.ma\/fr\/conseil\/\">Cliquez ici pour lire l&rsquo;article depuis sa source.<\/a><\/p>\n","protected":false},"excerpt":{"rendered":"<p>Rabat \u2013 Sa Majest\u00e9 le Roi Mohammed VI, que Dieu L\u2019assiste, a pr\u00e9sid\u00e9, mercredi au Palais Royal \u00e0 Rabat, un Conseil des ministres, au cours duquel il a \u00e9t\u00e9 proc\u00e9d\u00e9 \u00e0 l\u2019approbation de deux projets de loi et de deux conventions internationales, indique un communiqu\u00e9 lu par le porte-parole du Palais Royal, M. Abdelhak Lamrini. [&hellip;]<\/p>\n","protected":false},"author":1788,"featured_media":0,"comment_status":"closed","ping_status":"closed","sticky":false,"template":"","format":"standard","meta":{"fifu_image_url":"","fifu_image_alt":"","footnotes":""},"categories":[54,76],"tags":[],"class_list":["post-69993","post","type-post","status-publish","format-standard","hentry","category-maroc","category-regions"],"_links":{"self":[{"href":"https:\/\/linitiative.ca\/International\/wp-json\/wp\/v2\/posts\/69993","targetHints":{"allow":["GET"]}}],"collection":[{"href":"https:\/\/linitiative.ca\/International\/wp-json\/wp\/v2\/posts"}],"about":[{"href":"https:\/\/linitiative.ca\/International\/wp-json\/wp\/v2\/types\/post"}],"author":[{"embeddable":true,"href":"https:\/\/linitiative.ca\/International\/wp-json\/wp\/v2\/users\/1788"}],"replies":[{"embeddable":true,"href":"https:\/\/linitiative.ca\/International\/wp-json\/wp\/v2\/comments?post=69993"}],"version-history":[{"count":0,"href":"https:\/\/linitiative.ca\/International\/wp-json\/wp\/v2\/posts\/69993\/revisions"}],"wp:attachment":[{"href":"https:\/\/linitiative.ca\/International\/wp-json\/wp\/v2\/media?parent=69993"}],"wp:term":[{"taxonomy":"category","embeddable":true,"href":"https:\/\/linitiative.ca\/International\/wp-json\/wp\/v2\/categories?post=69993"},{"taxonomy":"post_tag","embeddable":true,"href":"https:\/\/linitiative.ca\/International\/wp-json\/wp\/v2\/tags?post=69993"}],"curies":[{"name":"wp","href":"https:\/\/api.w.org\/{rel}","templated":true}]}}