{"id":69994,"date":"2019-12-12T11:24:59","date_gmt":"2019-12-12T16:24:59","guid":{"rendered":"https:\/\/linitiative.ca\/International\/antiterrorisme-necessite-dadoption-dune-approche-globale\/"},"modified":"2019-12-12T11:24:59","modified_gmt":"2019-12-12T16:24:59","slug":"antiterrorisme-necessite-dadoption-dune-approche-globale","status":"publish","type":"post","link":"https:\/\/linitiative.ca\/International\/antiterrorisme-necessite-dadoption-dune-approche-globale\/","title":{"rendered":"Antiterrorisme: N\u00e9cessit\u00e9 d\u2019adoption d\u2019une approche globale"},"content":{"rendered":"<div readability=\"39\">\n<p>Marrakech \u2013 Les Parquets membres de l\u2019Accord quadripartite antiterroriste (Maroc, France, Espagne et Belgique) ont confirm\u00e9, jeudi \u00e0 Marrakech, \u00ab\u00a0leur d\u00e9termination \u00e0 \u00e9lever le niveau de leur performance pour contribuer \u00e0 gagner le pari de mettre un terme \u00e0 la criminalit\u00e9 terroriste dans leur pays respectif et dans le monde\u00a0\u00bb.<\/p>\n<\/div>\n<div readability=\"101\">\n<p>\u00ab\u00a0Les Parquets membres de l\u2019Accord quadripartite, tout en r\u00e9it\u00e9rant leur satisfaction quant au niveau de coop\u00e9ration judiciaire existant entre eux, dans la pr\u00e9vention de l\u2019infraction terroriste, confirment leur d\u00e9termination \u00e0 \u00e9lever le niveau de leur performance pour contribuer \u00e0 gagner le pari de mettre un terme \u00e0 la criminalit\u00e9 terroriste dans leur pays respectif et dans le monde, aux c\u00f4t\u00e9s d\u2019autres institutions comp\u00e9tentes et ce, dans le respect des droits de la d\u00e9fense, des libert\u00e9s fondamentales et des exigences des proc\u00e9dures l\u00e9gales\u00a0\u00bb, ont soulign\u00e9 les Chefs des quatre Parquets dans la D\u00e9claration Finale ayant sanctionn\u00e9 les travaux de leur r\u00e9union annuelle, tenue les 11 et 12 d\u00e9cembre dans la Cit\u00e9 Ocre.<\/p>\n<p>Dans cette D\u00e9claration, dont lecture a \u00e9t\u00e9 donn\u00e9e par le Procureur g\u00e9n\u00e9ral du Roi pr\u00e8s la Cour d\u2019Appel de Rabat, M. El Hassan Daki, ils ont aussi r\u00e9affirm\u00e9 \u00ab\u00a0la poursuite du maintien de l\u2019esprit constructif de coop\u00e9ration entre les parquets membres de l\u2019Accord quadripartite permettant de relever les d\u00e9fis de la criminalit\u00e9 terroriste, souvent transnationale, et la prise en compte des efforts louables d\u00e9ploy\u00e9s \u00e0 cet \u00e9gard par les points focaux et les magistrats de liaison dans la facilitation de la coop\u00e9ration entre les pays membres\u00a0\u00bb.<\/p>\n<p>Au terme de cette r\u00e9union \u00e9largie, ils ont \u00e9galement relev\u00e9 \u00ab\u00a0la n\u00e9cessit\u00e9 d\u2019adoption d\u2019une approche globale de lutte contre le terrorisme, qui ne devrait pas se limiter au seul volet p\u00e9nal, mais englober \u00e9galement des programmes de d\u00e9mant\u00e8lement des discours extr\u00e9mistes violents, et l\u2019adoption d\u2019une strat\u00e9gie claire pour traiter la situation des combattants de retour et leurs familles dans leur pays, que ce soit au niveau de leur proc\u00e8s ou de leur r\u00e9insertion dans la soci\u00e9t\u00e9\u00a0\u00bb.<\/p>\n<p>Les membres du Groupe quadripartite ont, en outre, appel\u00e9 \u00ab\u00a0\u00e0 la mise en place de m\u00e9canismes et de canaux de coop\u00e9ration judiciaire internationale en vue d\u2019obtenir les informations et les preuves recueillies dans les zones de tensions o\u00f9 les groupes terroristes sont actifs et \u00e0 l\u2019adoption de moyens juridiques pour en faire une preuve admissible devant la justice p\u00e9nale permettant la tenue de proc\u00e8s des terroristes revenants poursuivis non seulement pour leur adh\u00e9sion \u00e0 une organisation terroriste, mais aussi pour les crimes terroristes qu\u2019ils ont commis \u00e0 l\u2019\u00e9tranger\u00a0\u00bb.<\/p>\n<p>En d\u00e9pit de la diff\u00e9rence de mobiles qui animent le crime de terrorisme et ceux du crime organis\u00e9 transnational, les Parquets ont constat\u00e9, ces derni\u00e8res ann\u00e9es, un renforcement de liens entre ces deux types d\u2019infraction conduisant \u00e0 un rapprochement organisationnel et conceptuel entre les deux.<\/p>\n<p>Ils esp\u00e8rent, par ailleurs, que \u00ab\u00a0leurs Etats respectifs continuent le renforcement des capacit\u00e9s de leurs pays en mati\u00e8re de justice et les am\u00e9liorations l\u00e9gislatives ainsi que l\u2019adoption de nouveaux m\u00e9canismes de coop\u00e9ration \u00e0 m\u00eame de traiter le lien entre ces deux crimes notamment en mati\u00e8re de trafic d\u2019armes et de stup\u00e9fiants\u00a0\u00bb.<\/p>\n<p>Ils ont, d\u2019autre part, constat\u00e9 le tournant d\u00e9cisif qu\u2019ont impliqu\u00e9 les d\u00e9faites militaires inflig\u00e9es par la communaut\u00e9 internationale aux organisations terroristes dans les r\u00e9gions syro-irakiennes sur la d\u00e9finition des strat\u00e9gies de lutte contre le terrorisme, et l\u2019appel des dirigeants de l\u2019organisation terroriste \u00ab\u00a0Daech\u00a0\u00bb \u00e0 ses partisans de mener des op\u00e9rations dans les pays d\u2019origine ou d\u2019accueil au lieu de rejoindre ses rangs, avec pour cons\u00e9quence le d\u00e9clin du ph\u00e9nom\u00e8ne des combattants terroristes \u00e9trangers et la mont\u00e9e en puissance du terrorisme local.<\/p>\n<p>Apr\u00e8s avoir partag\u00e9 leurs points de vues sur les principales affaires li\u00e9es au terrorisme qu\u2019ont connues leurs pays respectifs pendant l\u2019ann\u00e9e en cours, les membres du Groupe quadripartite ont pr\u00e9sent\u00e9 les nouveaut\u00e9s l\u00e9gislatives relatives \u00e0 la lutte contre le terrorisme et fix\u00e9 les perspectives d\u2019avenir \u00e0 m\u00eame d\u2019aplanir les difficult\u00e9s rencontr\u00e9es en mati\u00e8re d\u2019entraide judiciaire li\u00e9e \u00e0 la lutte antiterroriste.<\/p>\n<\/div>\n<p>Auteur: Meriem IGASS<br \/>\n<a href=\"http:\/\/www.mapmarrakech.ma\/fr\/terrorisme-2\/\">Cliquez ici pour lire l&rsquo;article depuis sa source.<\/a><\/p>\n","protected":false},"excerpt":{"rendered":"<p>Marrakech \u2013 Les Parquets membres de l\u2019Accord quadripartite antiterroriste (Maroc, France, Espagne et Belgique) ont confirm\u00e9, jeudi \u00e0 Marrakech, \u00ab\u00a0leur d\u00e9termination \u00e0 \u00e9lever le niveau de leur performance pour contribuer \u00e0 gagner le pari de mettre un terme \u00e0 la criminalit\u00e9 terroriste dans leur pays respectif et dans le monde\u00a0\u00bb. \u00ab\u00a0Les Parquets membres de l\u2019Accord [&hellip;]<\/p>\n","protected":false},"author":1788,"featured_media":0,"comment_status":"closed","ping_status":"closed","sticky":false,"template":"","format":"standard","meta":{"fifu_image_url":"","fifu_image_alt":"","footnotes":""},"categories":[54,76],"tags":[],"class_list":["post-69994","post","type-post","status-publish","format-standard","hentry","category-maroc","category-regions"],"_links":{"self":[{"href":"https:\/\/linitiative.ca\/International\/wp-json\/wp\/v2\/posts\/69994","targetHints":{"allow":["GET"]}}],"collection":[{"href":"https:\/\/linitiative.ca\/International\/wp-json\/wp\/v2\/posts"}],"about":[{"href":"https:\/\/linitiative.ca\/International\/wp-json\/wp\/v2\/types\/post"}],"author":[{"embeddable":true,"href":"https:\/\/linitiative.ca\/International\/wp-json\/wp\/v2\/users\/1788"}],"replies":[{"embeddable":true,"href":"https:\/\/linitiative.ca\/International\/wp-json\/wp\/v2\/comments?post=69994"}],"version-history":[{"count":0,"href":"https:\/\/linitiative.ca\/International\/wp-json\/wp\/v2\/posts\/69994\/revisions"}],"wp:attachment":[{"href":"https:\/\/linitiative.ca\/International\/wp-json\/wp\/v2\/media?parent=69994"}],"wp:term":[{"taxonomy":"category","embeddable":true,"href":"https:\/\/linitiative.ca\/International\/wp-json\/wp\/v2\/categories?post=69994"},{"taxonomy":"post_tag","embeddable":true,"href":"https:\/\/linitiative.ca\/International\/wp-json\/wp\/v2\/tags?post=69994"}],"curies":[{"name":"wp","href":"https:\/\/api.w.org\/{rel}","templated":true}]}}