{"id":69997,"date":"2019-12-12T12:43:29","date_gmt":"2019-12-12T17:43:29","guid":{"rendered":"https:\/\/linitiative.ca\/International\/presidentielle-participation-croissante-dans-les-centres-de-vote-des-wilayas-de-louest\/"},"modified":"2019-12-12T12:43:29","modified_gmt":"2019-12-12T17:43:29","slug":"presidentielle-participation-croissante-dans-les-centres-de-vote-des-wilayas-de-louest","status":"publish","type":"post","link":"https:\/\/linitiative.ca\/International\/presidentielle-participation-croissante-dans-les-centres-de-vote-des-wilayas-de-louest\/","title":{"rendered":"Pr\u00e9sidentielle: participation croissante dans les centres de vote des wilayas de l&rsquo;Ouest"},"content":{"rendered":"<div readability=\"34\">\n<p><strong>ORAN &#8211; Les centres et bureaux de vote des wilayas de l&rsquo;Ouest du pays ont enregistr\u00e9 jeudi une affluence croissante de citoyens venus accomplir leur devoir \u00e9lectoral dans le cadre du scrutin pr\u00e9sidentiel.<\/strong><\/p>\n<\/div>\n<div readability=\"113\">\n<p>A Oran, une tourn\u00e9e l&rsquo;apr\u00e8s-midi \u00e0 travers les bureaux du centre et de l&rsquo;Est de la ville, dont les \u00e9tablissements scolaires Moudjahida-Bensafi, Fatmi-Mohamed 2 (ha\u00ef Es-sabah) et Belazreg-Mohamed (ha\u00ef El-Yasmine), a permis d&rsquo;observer une affluence soutenue d&rsquo;\u00e9lecteurs, motiv\u00e9s par \u00ab\u00a0le changement vers un avenir meilleur\u00a0\u00bb.<\/p>\n<p>Approch\u00e9s par l&rsquo;APS, les citoyens, jeunes et moins jeunes, de diff\u00e9rentes couches sociales, \u00e9taient unanimes \u00e0 faire part de leur prise de conscience par rapport aux enjeux du scrutin, saluant \u00e9galement les bonnes conditions du d\u00e9roulement de l&rsquo;op\u00e9ration \u00e9lectorale.<\/p>\n<p>\u00ab\u00a0J&rsquo;ai vot\u00e9 pour la souverainet\u00e9 de l&rsquo;Alg\u00e9rie et la libert\u00e9 de mes enfants\u00a0\u00bb, a d\u00e9clar\u00e9\u00a0 A\u00efcha Khelifa, accompagn\u00e9e de son fils, ajoutant avec enthousiasme qu&rsquo;elle venait d&rsquo;accomplir son devoir \u00e9lectoral apr\u00e8s dix ann\u00e9es de boycott. Cette fois-ci, a-t-elle expliqu\u00e9, \u00ab\u00a0j&rsquo;ai d\u00e9cid\u00e9 de voter pour pr\u00e9server la stabilit\u00e9 de notre pays, quel que soit le vainqueur de cette \u00e9lection\u00a0\u00bb.<\/p>\n<p>Des motivations \u00e9galement partag\u00e9es par un autre \u00e9lecteur pr\u00e9nomm\u00e9 Aboubakeur qui, malgr\u00e9 la maladie, a tenu \u00e0 \u00eatre au rendez-vous parce qu&rsquo;il est convaincu que \u00ab\u00a0les \u00e9lections sont la seule issue pour pr\u00e9server la stabilit\u00e9 du pays\u00a0\u00bb. Et d&rsquo;esp\u00e9rer, souligne-t-il, que \u00ab\u00a0le nouveau pr\u00e9sident de la R\u00e9publique instaurera un Etat de droit et une justice sociale\u00a0\u00bb.<\/p>\n<p>Pour sa part, la jeune Fatiha escompte de ce scrutin \u00ab\u00a0l&rsquo;\u00e9lection d&rsquo;un pr\u00e9sident qui accorde une importance majeure aux attentes de la jeunesse du pays\u00a0\u00bb.<\/p>\n<p>De son c\u00f4t\u00e9, Salah, \u00e2g\u00e9 de 35 ans, est venu voter, dit-il fi\u00e8rement, pour rester fid\u00e8le \u00e0 la promesse faite \u00e0 son p\u00e8re de suivre son exemple \u00ab\u00a0\u00e0 toujours honorer la m\u00e9moire des glorieux chouhada, quelles que soient les circonstances.\u00a0\u00bb<\/p>\n<p>Une ambiance similaire a \u00e9t\u00e9 relev\u00e9e dans les autres wilayas de l&rsquo;Ouest du pays, \u00e0 l&rsquo;instar d&rsquo;El-Bayadh o\u00f9 une participation accrue a \u00e9t\u00e9 relev\u00e9e dans les bureaux de vote tels El-Amel, Abdelhamid-Benbadis, Moulay-Mohammed et El Rajaa-Cheikh o\u00f9 les \u00e9lecteurs consid\u00e8rent ce scrutin comme \u00ab\u00a0une opportunit\u00e9 pour consolider l&rsquo;unit\u00e9 nationale\u00a0\u00bb.<\/p>\n<p>Une citoyenne a affirm\u00e9 dans ce cadre que son adh\u00e9sion au vote d\u00e9coule de sa \u00ab\u00a0propre conviction\u00a0\u00bb et de son d\u00e9sir d'\u00a0\u00bbam\u00e9liorer la situation du pays\u00a0\u00bb, tandis que le moudjahid Khelladi a mis l&rsquo;accent sur \u00ab\u00a0la n\u00e9cessit\u00e9 de provoquer l&rsquo;av\u00e8nement d&rsquo;une nouvelle \u00e8re pour le pays\u00a0\u00bb.<\/p>\n<p>La wilaya de Tiaret a, elle aussi, connu une participation soutenue durant l&rsquo;apr\u00e8s-midi et ce, tant dans les bureaux de vote du chef-lieu que dans ceux des communes de la wilaya, dont A\u00efn Bouchekif, Dahmouni, Tousnina et Sougueur o\u00f9 les \u00e9lecteurs ont exprim\u00e9 leurs espoirs pour \u00ab\u00a0la stabilit\u00e9 du pays et l&rsquo;am\u00e9lioration du cadre de vie\u00a0\u00bb.<\/p>\n<p>En outre, une adh\u00e9sion progressive au vote a \u00e9t\u00e9 observ\u00e9e dans les bureaux d&rsquo;autres wilayas \u00e0 l&rsquo;instar de Mascara, Na\u00e2ma, Tissemsilt et Relizane.<\/p>\n<\/div>\n<p>Auteur:<br \/>\n<a href=\"http:\/\/www.aps.dz\/regions\/98889-presidentielle-participation-croissante-dans-les-centres-de-vote-des-wilayas-de-l-ouest\">Cliquez ici pour lire l&rsquo;article depuis sa source.<\/a><\/p>\n","protected":false},"excerpt":{"rendered":"<p>ORAN &#8211; Les centres et bureaux de vote des wilayas de l&rsquo;Ouest du pays ont enregistr\u00e9 jeudi une affluence croissante de citoyens venus accomplir leur devoir \u00e9lectoral dans le cadre du scrutin pr\u00e9sidentiel. A Oran, une tourn\u00e9e l&rsquo;apr\u00e8s-midi \u00e0 travers les bureaux du centre et de l&rsquo;Est de la ville, dont les \u00e9tablissements scolaires Moudjahida-Bensafi, [&hellip;]<\/p>\n","protected":false},"author":1790,"featured_media":0,"comment_status":"closed","ping_status":"closed","sticky":false,"template":"","format":"standard","meta":{"fifu_image_url":"","fifu_image_alt":"","footnotes":""},"categories":[53,76],"tags":[],"class_list":["post-69997","post","type-post","status-publish","format-standard","hentry","category-algerie","category-regions"],"_links":{"self":[{"href":"https:\/\/linitiative.ca\/International\/wp-json\/wp\/v2\/posts\/69997","targetHints":{"allow":["GET"]}}],"collection":[{"href":"https:\/\/linitiative.ca\/International\/wp-json\/wp\/v2\/posts"}],"about":[{"href":"https:\/\/linitiative.ca\/International\/wp-json\/wp\/v2\/types\/post"}],"author":[{"embeddable":true,"href":"https:\/\/linitiative.ca\/International\/wp-json\/wp\/v2\/users\/1790"}],"replies":[{"embeddable":true,"href":"https:\/\/linitiative.ca\/International\/wp-json\/wp\/v2\/comments?post=69997"}],"version-history":[{"count":0,"href":"https:\/\/linitiative.ca\/International\/wp-json\/wp\/v2\/posts\/69997\/revisions"}],"wp:attachment":[{"href":"https:\/\/linitiative.ca\/International\/wp-json\/wp\/v2\/media?parent=69997"}],"wp:term":[{"taxonomy":"category","embeddable":true,"href":"https:\/\/linitiative.ca\/International\/wp-json\/wp\/v2\/categories?post=69997"},{"taxonomy":"post_tag","embeddable":true,"href":"https:\/\/linitiative.ca\/International\/wp-json\/wp\/v2\/tags?post=69997"}],"curies":[{"name":"wp","href":"https:\/\/api.w.org\/{rel}","templated":true}]}}