{"id":69998,"date":"2019-12-12T13:09:19","date_gmt":"2019-12-12T18:09:19","guid":{"rendered":"https:\/\/linitiative.ca\/International\/presidentielle-remise-de-291-nouvelles-cartes-de-vote-a-oran\/"},"modified":"2019-12-12T13:09:19","modified_gmt":"2019-12-12T18:09:19","slug":"presidentielle-remise-de-291-nouvelles-cartes-de-vote-a-oran","status":"publish","type":"post","link":"https:\/\/linitiative.ca\/International\/presidentielle-remise-de-291-nouvelles-cartes-de-vote-a-oran\/","title":{"rendered":"Pr\u00e9sidentielle: remise de 291 nouvelles cartes de vote \u00e0 Oran"},"content":{"rendered":"<p><span class=\"sp-nh-title\">Pr\u00e9sidentielle: cl\u00f4ture des op\u00e9rations de vote et d\u00e9but du d\u00e9pouillement<\/span> &#8211; <span class=\"sp-nh-date\">jeudi 12 d\u00e9cembre 2019 19:45<\/span><\/p>\n<p><span class=\"sp-nh-title\">Pr\u00e9sidentielle: le taux de participation par wilayas annonc\u00e9 \u00e0 17h<\/span> &#8211; <span class=\"sp-nh-date\">jeudi 12 d\u00e9cembre 2019 19:45<\/span><\/p>\n<p><span class=\"sp-nh-title\">Pr\u00e9sidentielle: pr\u00e9sence en force de la presse \u00e9trang\u00e8re (ANIE)<\/span> &#8211; <span class=\"sp-nh-date\">jeudi 12 d\u00e9cembre 2019 19:42<\/span><\/p>\n<p><span class=\"sp-nh-title\">Taux de participation satisfaisant et en ad\u00e9quation avec les aspirations du peuple<\/span> &#8211; <span class=\"sp-nh-date\">jeudi 12 d\u00e9cembre 2019 19:36<\/span><\/p>\n<p><span class=\"sp-nh-title\">Pr\u00e9sidentielle-Centre: affluence croissante des \u00e9lecteurs dans la majorit\u00e9 de wilayas<\/span> &#8211; <span class=\"sp-nh-date\">jeudi 12 d\u00e9cembre 2019 19:33<\/span><\/p>\n<p><span class=\"sp-nh-title\">Pr\u00e9sidentielle: cl\u00f4ture de l\u2019op\u00e9ration de vote \u00e0 Paris et d\u00e9but du d\u00e9pouillement<\/span> &#8211; <span class=\"sp-nh-date\">jeudi 12 d\u00e9cembre 2019 19:25<\/span><\/p>\n<p><span class=\"sp-nh-title\">Pr\u00e9sidentielle: les membres de la communaut\u00e9 alg\u00e9rienne \u00e9tablie \u00e0 Nouakchott accomplissent leur devoir \u00e9lectoral<\/span> &#8211; <span class=\"sp-nh-date\">jeudi 12 d\u00e9cembre 2019 19:13<\/span><\/p>\n<p><span class=\"sp-nh-title\">Pr\u00e9sidentielle: remise de 291 nouvelles cartes de vote \u00e0 Oran<\/span> &#8211; <span class=\"sp-nh-date\">jeudi 12 d\u00e9cembre 2019 19:09<\/span><\/p>\n<p><span class=\"sp-nh-title\">Pr\u00e9sidentielle: un taux national de participation de 33,06% \u00e0 17h00<\/span> &#8211; <span class=\"sp-nh-date\">jeudi 12 d\u00e9cembre 2019 18:57<\/span><\/p>\n<p><span class=\"sp-nh-title\">Pr\u00e9sidentielle: Sofiane d\u00e9fie son handicap et vote \u00e0 A\u00efn T\u00e9mouchent<\/span> &#8211; <span class=\"sp-nh-date\">jeudi 12 d\u00e9cembre 2019 18:56<\/span><\/p>\n<p><span class=\"sp-nh-title\">Pr\u00e9sidentielle: le taux de participation par wilayas annonc\u00e9 \u00e0 15h<\/span> &#8211; <span class=\"sp-nh-date\">jeudi 12 d\u00e9cembre 2019 18:46<\/span><\/p>\n<p><span class=\"sp-nh-title\">Election pr\u00e9sidentielle: il brave son handicap et vote \u00e0 Tebessa<\/span> &#8211; <span class=\"sp-nh-date\">jeudi 12 d\u00e9cembre 2019 18:45<\/span><\/p>\n<p><span class=\"sp-nh-title\">Pr\u00e9sidentielle: participation croissante dans les centres de vote des wilayas de l&rsquo;Ouest<\/span> &#8211; <span class=\"sp-nh-date\">jeudi 12 d\u00e9cembre 2019 18:43<\/span><\/p>\n<p><span class=\"sp-nh-title\">ANIE: hausse appr\u00e9ciable du taux de participation de la communaut\u00e9 alg\u00e9rienne \u00e0 Tunis au dernier jour du scrutin<\/span> &#8211; <span class=\"sp-nh-date\">jeudi 12 d\u00e9cembre 2019 18:41<\/span><\/p>\n<p><span class=\"sp-nh-title\">Pr\u00e9sidentielle: les \u00e9lecteurs continuent d\u2019affluer vers les urnes dans les wilayas du Sud<\/span> &#8211; <span class=\"sp-nh-date\">jeudi 12 d\u00e9cembre 2019 18:38<\/span><\/p>\n<p><span class=\"sp-nh-title\">Pr\u00e9sidentielle: 17 personnes arr\u00eat\u00e9es \u00e0 Ain Temouchent pour entrave \u00e0 l&rsquo;op\u00e9ration de vote<\/span> &#8211; <span class=\"sp-nh-date\">jeudi 12 d\u00e9cembre 2019 18:34<\/span><\/p>\n<p><span class=\"sp-nh-title\">Le scrutin se d\u00e9roule dans le calme et la bonne organisation \u00e0 Alger Ouest<\/span> &#8211; <span class=\"sp-nh-date\">jeudi 12 d\u00e9cembre 2019 18:31<\/span><\/p>\n<p><span class=\"sp-nh-title\">Affluence des \u00e9lecteurs vers les bureaux de vote dans l\u2019Est du pays<\/span> &#8211; <span class=\"sp-nh-date\">jeudi 12 d\u00e9cembre 2019 18:07<\/span><\/p>\n<p><span class=\"sp-nh-title\">L&rsquo;op\u00e9ration de vote se poursuit dans des conditions normales \u00e0 travers la majorit\u00e9 des wilayas<\/span> &#8211; <span class=\"sp-nh-date\">jeudi 12 d\u00e9cembre 2019 18:02<\/span><\/p>\n<p><span class=\"sp-nh-title\">Remise de 500 nouvelles cartes d&rsquo;\u00e9lecteur \u00e0 leurs propri\u00e9taires \u00e0 Mila<\/span> &#8211; <span class=\"sp-nh-date\">jeudi 12 d\u00e9cembre 2019 17:38<\/span><\/p>\n<p>Auteur:<br \/>\n<a href=\"http:\/\/www.aps.dz\/regions\/98894-presidentielle-remise-de-291-nouvelles-cartes-de-vote-a-oran\">Cliquez ici pour lire l&rsquo;article depuis sa source.<\/a><\/p>\n","protected":false},"excerpt":{"rendered":"<p>Pr\u00e9sidentielle: cl\u00f4ture des op\u00e9rations de vote et d\u00e9but du d\u00e9pouillement &#8211; jeudi 12 d\u00e9cembre 2019 19:45 Pr\u00e9sidentielle: le taux de participation par wilayas annonc\u00e9 \u00e0 17h &#8211; jeudi 12 d\u00e9cembre 2019 19:45 Pr\u00e9sidentielle: pr\u00e9sence en force de la presse \u00e9trang\u00e8re (ANIE) &#8211; jeudi 12 d\u00e9cembre 2019 19:42 Taux de participation satisfaisant et en ad\u00e9quation avec [&hellip;]<\/p>\n","protected":false},"author":1790,"featured_media":0,"comment_status":"closed","ping_status":"closed","sticky":false,"template":"","format":"standard","meta":{"fifu_image_url":"","fifu_image_alt":"","footnotes":""},"categories":[53,76],"tags":[],"class_list":["post-69998","post","type-post","status-publish","format-standard","hentry","category-algerie","category-regions"],"_links":{"self":[{"href":"https:\/\/linitiative.ca\/International\/wp-json\/wp\/v2\/posts\/69998","targetHints":{"allow":["GET"]}}],"collection":[{"href":"https:\/\/linitiative.ca\/International\/wp-json\/wp\/v2\/posts"}],"about":[{"href":"https:\/\/linitiative.ca\/International\/wp-json\/wp\/v2\/types\/post"}],"author":[{"embeddable":true,"href":"https:\/\/linitiative.ca\/International\/wp-json\/wp\/v2\/users\/1790"}],"replies":[{"embeddable":true,"href":"https:\/\/linitiative.ca\/International\/wp-json\/wp\/v2\/comments?post=69998"}],"version-history":[{"count":0,"href":"https:\/\/linitiative.ca\/International\/wp-json\/wp\/v2\/posts\/69998\/revisions"}],"wp:attachment":[{"href":"https:\/\/linitiative.ca\/International\/wp-json\/wp\/v2\/media?parent=69998"}],"wp:term":[{"taxonomy":"category","embeddable":true,"href":"https:\/\/linitiative.ca\/International\/wp-json\/wp\/v2\/categories?post=69998"},{"taxonomy":"post_tag","embeddable":true,"href":"https:\/\/linitiative.ca\/International\/wp-json\/wp\/v2\/tags?post=69998"}],"curies":[{"name":"wp","href":"https:\/\/api.w.org\/{rel}","templated":true}]}}