{"id":69999,"date":"2019-12-12T13:33:37","date_gmt":"2019-12-12T18:33:37","guid":{"rendered":"https:\/\/linitiative.ca\/International\/presidentielle-centre-affluence-croissante-des-electeurs-dans-la-majorite-de-wilayas\/"},"modified":"2019-12-12T13:33:37","modified_gmt":"2019-12-12T18:33:37","slug":"presidentielle-centre-affluence-croissante-des-electeurs-dans-la-majorite-de-wilayas","status":"publish","type":"post","link":"https:\/\/linitiative.ca\/International\/presidentielle-centre-affluence-croissante-des-electeurs-dans-la-majorite-de-wilayas\/","title":{"rendered":"Pr\u00e9sidentielle-Centre: affluence croissante des \u00e9lecteurs dans la majorit\u00e9 de wilayas"},"content":{"rendered":"<div readability=\"37\">\n<p><strong>BLIDA &#8211; L&rsquo;op\u00e9ration de vote s&rsquo;est d\u00e9roul\u00e9e, jeudi, dans la majorit\u00e9 des wilayas du centre du pays dans le \u00ab\u00a0calme\u00a0\u00bb avec une affluence \u00ab\u00a0notable\u00a0\u00bb des \u00e9lecteurs, hormis quelques \u00e9chauffour\u00e9es enregistr\u00e9es au niveau de certains bureaux de vote.<\/strong><\/p>\n<\/div>\n<div readability=\"104\">\n<p>A Blida, le d\u00e9l\u00e9gu\u00e9 local de l&rsquo;Autorit\u00e9 nationale ind\u00e9pendante des \u00e9lections(ANIE), Mohamed Ch\u00e9rif Sidi Moussa, a affirm\u00e9 que \u00ab\u00a0l&rsquo;op\u00e9ration de vote s&rsquo;est d\u00e9roul\u00e9e dans d&rsquo;excellentes conditions\u00a0\u00bb, relevant qu&rsquo;aucun incident n&rsquo;est a signaler.<\/p>\n<p>Une affluence mitig\u00e9e des citoyens a \u00e9t\u00e9 constat\u00e9e dans nombre de bureaux de vote.<\/p>\n<p>Ainsi \u00e0 Djelfa, l&rsquo;afflux massif sur les bureaux de vote s&rsquo;est poursuivi notamment au niveau des grands quartier \u00e0 l&rsquo;image de \u00ab\u00a0Boutrifis\u00a0\u00bb (\u00e9cole primaire Amer Mahfoudi), Makouas au centre ville et des deux CEM \u00ab\u00a0Bastami\u00a0\u00bb et \u00ab\u00a0Emir Abdelkader\u00a0\u00bb.<\/p>\n<p>Les centres de vote r\u00e9serv\u00e9s aux femmes, ainsi que le primaire \u00ab\u00a0Djouaf Mohamed\u00a0\u00bb (cit\u00e9 05 juillet) au chef lieu de wilaya, ont enregistr\u00e9 de leur part, une \u00ab\u00a0forte\u00a0\u00bb participation l&rsquo;apr\u00e8s-midi.<\/p>\n<p>La wilaya de Chlef a enregistr\u00e9, \u00e9galement, une hausse \u00ab\u00a0consid\u00e9rable\u00a0\u00bb du taux de participation \u00e0 l&rsquo;\u00e9lection pr\u00e9sidentielle, notamment de la gente f\u00e9minine.<\/p>\n<p>A M\u00e9d\u00e9a, le taux de participation a connu \u00ab\u00a0une hausse\u00a0\u00bb, notamment dans les communes d&rsquo;Aziz, d&rsquo;Oum el Djalil, d&rsquo;Ain Boucif et de Beni Slimane, o\u00f9 un nombre important d&rsquo;\u00e9lecteurs s&rsquo;est dirig\u00e9 vers les urnes. L&rsquo;ANIE a fait savoir \u00e0 l&rsquo;APS que l&rsquo;op\u00e9ration de vote se d\u00e9roule, depuis le d\u00e9but, dans des conditions \u00ab\u00a0normales et calmes\u00a0\u00bb, au niveau de 429 centres et 1560 bureaux de vote que compte la wilaya.<\/p>\n<p>M\u00eame son de cloche du c\u00f4t\u00e9 d\u2019Ain Defla et Tipasa o\u00f9 aucun d\u00e9passement entravant l&rsquo;op\u00e9ration de vote n&rsquo;a \u00e9t\u00e9 enregistr\u00e9.<\/p>\n<p>Par ailleurs, des \u00e9chauffour\u00e9es entres les manifestants et les forces de s\u00e9curit\u00e9 ont \u00e9t\u00e9 signal\u00e9es \u00e0 Tizi Ouzou et Bejaia o\u00f9 l&rsquo;op\u00e9ration de vote a \u00e9t\u00e9 interrompue en raison de la fermeture des bureaux de vote.<\/p>\n<p>Le m\u00eame climat tendu pr\u00e9valait au niveau des communes d&rsquo;Isser, Naciria et Bordj Mena\u00efel, ainsi qu&rsquo;\u00e0 Bouira qui a enregistr\u00e9 des actes de vandalisme ayant touch\u00e9 les centres de vote et le si\u00e8ge local de l&rsquo;ANIE.<\/p>\n<p>S&rsquo;agissant des autres communes de la wilaya de Boumerdes et les communes du sud de la wilaya de Bouira, l&rsquo;op\u00e9ration de vote s&rsquo;est d\u00e9roulait dans des conditions normales.<\/p>\n<p>Plus de 24 millions d&rsquo;\u00e9lecteurs alg\u00e9riens \u00e9taient appel\u00e9s jeudi aux urnes pour \u00e9lire un nouveau un pr\u00e9sident de la R\u00e9publique pour un mandat de cinq (5) ans.<\/p>\n<p>Cinq candidats sont en lice \u00e0 cette \u00e9lection, apr\u00e8s avoir men\u00e9 une campagne \u00e9lectorale de 22 jours, \u00e0 savoir le pr\u00e9sident du Front El Moustakbal Belaid Abdelaziz, le candidat de Talaie El Hourriyet Ali Benflis, le pr\u00e9sident du mouvement El Bina, Bengrina Abdelkader, le candidat ind\u00e9pendant Tebboune Abdelmadjid et le Secr\u00e9taire g\u00e9n\u00e9ral par int\u00e9rim du Rassemblement national d\u00e9mocratique (RND), Azzedine Mihoubi.<\/p>\n<\/div>\n<p>Auteur:<br \/>\n<a href=\"http:\/\/www.aps.dz\/regions\/98900-presidentielle-centre-affluence-croissante-des-electeurs-dans-la-majorite-de-wilayas\">Cliquez ici pour lire l&rsquo;article depuis sa source.<\/a><\/p>\n","protected":false},"excerpt":{"rendered":"<p>BLIDA &#8211; L&rsquo;op\u00e9ration de vote s&rsquo;est d\u00e9roul\u00e9e, jeudi, dans la majorit\u00e9 des wilayas du centre du pays dans le \u00ab\u00a0calme\u00a0\u00bb avec une affluence \u00ab\u00a0notable\u00a0\u00bb des \u00e9lecteurs, hormis quelques \u00e9chauffour\u00e9es enregistr\u00e9es au niveau de certains bureaux de vote. A Blida, le d\u00e9l\u00e9gu\u00e9 local de l&rsquo;Autorit\u00e9 nationale ind\u00e9pendante des \u00e9lections(ANIE), Mohamed Ch\u00e9rif Sidi Moussa, a affirm\u00e9 que [&hellip;]<\/p>\n","protected":false},"author":1790,"featured_media":0,"comment_status":"closed","ping_status":"closed","sticky":false,"template":"","format":"standard","meta":{"fifu_image_url":"","fifu_image_alt":"","footnotes":""},"categories":[53,76],"tags":[],"class_list":["post-69999","post","type-post","status-publish","format-standard","hentry","category-algerie","category-regions"],"_links":{"self":[{"href":"https:\/\/linitiative.ca\/International\/wp-json\/wp\/v2\/posts\/69999","targetHints":{"allow":["GET"]}}],"collection":[{"href":"https:\/\/linitiative.ca\/International\/wp-json\/wp\/v2\/posts"}],"about":[{"href":"https:\/\/linitiative.ca\/International\/wp-json\/wp\/v2\/types\/post"}],"author":[{"embeddable":true,"href":"https:\/\/linitiative.ca\/International\/wp-json\/wp\/v2\/users\/1790"}],"replies":[{"embeddable":true,"href":"https:\/\/linitiative.ca\/International\/wp-json\/wp\/v2\/comments?post=69999"}],"version-history":[{"count":0,"href":"https:\/\/linitiative.ca\/International\/wp-json\/wp\/v2\/posts\/69999\/revisions"}],"wp:attachment":[{"href":"https:\/\/linitiative.ca\/International\/wp-json\/wp\/v2\/media?parent=69999"}],"wp:term":[{"taxonomy":"category","embeddable":true,"href":"https:\/\/linitiative.ca\/International\/wp-json\/wp\/v2\/categories?post=69999"},{"taxonomy":"post_tag","embeddable":true,"href":"https:\/\/linitiative.ca\/International\/wp-json\/wp\/v2\/tags?post=69999"}],"curies":[{"name":"wp","href":"https:\/\/api.w.org\/{rel}","templated":true}]}}