{"id":70000,"date":"2019-12-12T11:44:12","date_gmt":"2019-12-12T16:44:12","guid":{"rendered":"https:\/\/linitiative.ca\/International\/le-detenu-decede-m-h-na-jamais-subi-de-mauvais-traitement\/"},"modified":"2019-12-12T11:44:12","modified_gmt":"2019-12-12T16:44:12","slug":"le-detenu-decede-m-h-na-jamais-subi-de-mauvais-traitement","status":"publish","type":"post","link":"https:\/\/linitiative.ca\/International\/le-detenu-decede-m-h-na-jamais-subi-de-mauvais-traitement\/","title":{"rendered":"Le d\u00e9tenu d\u00e9c\u00e9d\u00e9 (M.H) n\u2019a jamais subi de mauvais traitement"},"content":{"rendered":"<div class=\"single-featured\"><img alt=\"\" data-src=\"http:\/\/www.mapoujda.ma\/map\/uploads\/2019\/12\/Prison-local-M750\u00d7430-MAP.jpg\"\/><\/div>\n<div class=\"entry-content clearfix single-post-content\" readability=\"56\">\n<p class=\"c4\">La D\u00e9l\u00e9gation g\u00e9n\u00e9rale \u00e0 l\u2019administration p\u00e9nitentiaire et \u00e0 la r\u00e9insertion (DGAPR) a annonc\u00e9, jeudi, que depuis son incarc\u00e9ration, le prisonnier (M.H), d\u00e9tenu de son vivant \u00e0 la prison locale de Nador, n\u2019avait jamais subi d\u2019agression ou de traitement hors la loi.<\/p>\n<p class=\"c4\">Dans une mise au point publi\u00e9e jeudi, la DGAPR souligne que \u00ab\u00a0suite au d\u00e9c\u00e8s, le 13 octobre dernier, du prisonnier (M.H), qui \u00e9tait d\u00e9tenu dans la prison locale de Nador, une commission de l\u2019Inspection g\u00e9n\u00e9rale a \u00e9t\u00e9 d\u00e9p\u00each\u00e9e pour enqu\u00eater sur les circonstances de ce d\u00e9c\u00e8s, laquelle a conclu que depuis son incarc\u00e9ration le 08 octobre, le d\u00e9funt n\u2019a subi aucune agression ou traitement hors la loi.<\/p>\n<p class=\"c4\">Concernant les circonstances du d\u00e9c\u00e8s du d\u00e9tenu, le parquet comp\u00e9tent a ordonn\u00e9 une autopsie de la d\u00e9pouille du d\u00e9tenu afin d\u2019identifier les causes de la mort, ajoute la m\u00eame source.<\/p>\n<\/div>\n<p>Auteur: Soufiane ELAHMAR<br \/>\n<a href=\"http:\/\/www.mapoujda.ma\/fr\/le-detenu-decede-m-h-na-jamais-subi-de-mauvais-traitement\/\">Cliquez ici pour lire l&rsquo;article depuis sa source.<\/a><\/p>\n","protected":false},"excerpt":{"rendered":"<p>La D\u00e9l\u00e9gation g\u00e9n\u00e9rale \u00e0 l\u2019administration p\u00e9nitentiaire et \u00e0 la r\u00e9insertion (DGAPR) a annonc\u00e9, jeudi, que depuis son incarc\u00e9ration, le prisonnier (M.H), d\u00e9tenu de son vivant \u00e0 la prison locale de Nador, n\u2019avait jamais subi d\u2019agression ou de traitement hors la loi. Dans une mise au point publi\u00e9e jeudi, la DGAPR souligne que \u00ab\u00a0suite au d\u00e9c\u00e8s, [&hellip;]<\/p>\n","protected":false},"author":1788,"featured_media":70001,"comment_status":"closed","ping_status":"closed","sticky":false,"template":"","format":"standard","meta":{"fifu_image_url":"","fifu_image_alt":"","footnotes":""},"categories":[54,76],"tags":[],"class_list":["post-70000","post","type-post","status-publish","format-standard","has-post-thumbnail","hentry","category-maroc","category-regions"],"_links":{"self":[{"href":"https:\/\/linitiative.ca\/International\/wp-json\/wp\/v2\/posts\/70000","targetHints":{"allow":["GET"]}}],"collection":[{"href":"https:\/\/linitiative.ca\/International\/wp-json\/wp\/v2\/posts"}],"about":[{"href":"https:\/\/linitiative.ca\/International\/wp-json\/wp\/v2\/types\/post"}],"author":[{"embeddable":true,"href":"https:\/\/linitiative.ca\/International\/wp-json\/wp\/v2\/users\/1788"}],"replies":[{"embeddable":true,"href":"https:\/\/linitiative.ca\/International\/wp-json\/wp\/v2\/comments?post=70000"}],"version-history":[{"count":0,"href":"https:\/\/linitiative.ca\/International\/wp-json\/wp\/v2\/posts\/70000\/revisions"}],"wp:featuredmedia":[{"embeddable":true,"href":"https:\/\/linitiative.ca\/International\/wp-json\/"}],"wp:attachment":[{"href":"https:\/\/linitiative.ca\/International\/wp-json\/wp\/v2\/media?parent=70000"}],"wp:term":[{"taxonomy":"category","embeddable":true,"href":"https:\/\/linitiative.ca\/International\/wp-json\/wp\/v2\/categories?post=70000"},{"taxonomy":"post_tag","embeddable":true,"href":"https:\/\/linitiative.ca\/International\/wp-json\/wp\/v2\/tags?post=70000"}],"curies":[{"name":"wp","href":"https:\/\/api.w.org\/{rel}","templated":true}]}}