{"id":70006,"date":"2019-12-12T06:15:00","date_gmt":"2019-12-12T11:15:00","guid":{"rendered":"https:\/\/linitiative.ca\/International\/boukadoum-a-propos-des-observateurs-etrangers-le-citoyen-demeure-le-premier-observateur-de-la-regularite-des-elections\/"},"modified":"2019-12-12T06:15:00","modified_gmt":"2019-12-12T11:15:00","slug":"boukadoum-a-propos-des-observateurs-etrangers-le-citoyen-demeure-le-premier-observateur-de-la-regularite-des-elections","status":"publish","type":"post","link":"https:\/\/linitiative.ca\/International\/boukadoum-a-propos-des-observateurs-etrangers-le-citoyen-demeure-le-premier-observateur-de-la-regularite-des-elections\/","title":{"rendered":"Boukadoum \u00e0 propos des observateurs \u00e9trangers : Le citoyen \u00ab\u00a0demeure le premier observateur de la r\u00e9gularit\u00e9 des \u00e9lections\u00a0\u00bb."},"content":{"rendered":"<p>Le ministre des Affaires \u00e9trang\u00e8res, Sabri Boukadoum a d\u00e9nonc\u00e9, jeudi \u00e0 Alger, \u00ab\u00a0les agressions\u00a0\u00bb contre des membres de la communaut\u00e9 nationale \u00e9tablie \u00e0 l&rsquo;\u00e9tranger lors de l&rsquo;accomplissement de leur devoir \u00e9lectoral, dans le cadre de la pr\u00e9sidentielle du 12 d\u00e9cembre, soulignant que des mesures juridiques seront prises dans le cas o\u00f9 des plaintes sont d\u00e9pos\u00e9es contre ces agissements \u00ab\u00a0inacceptables\u00a0\u00bb.Dans une d\u00e9claration \u00e0 la presse nationale et \u00e9trang\u00e8re apr\u00e8s l&rsquo;accomplissement de son devoir \u00e9lectoral, M. Boukadoum a condamn\u00e9 \u00ab\u00a0les agressions verbales et physiques\u00a0\u00bb contre des membres de la communaut\u00e9 alg\u00e9rienne \u00e9tablie \u00e0 l&rsquo;\u00e9tranger lors du vote pour l&rsquo;\u00e9lection pr\u00e9sidentielle, indiquant que ces agissements \u00ab\u00a0qui ne repr\u00e9sentent pas l&rsquo;Alg\u00e9rien\u00a0\u00bb feront l&rsquo;objet de poursuites judiciaires dans le cas o\u00f9 des plaintes sont d\u00e9pos\u00e9es, comme c&rsquo;est de mise de par le monde.<\/p>\n<p>Le ministre a indiqu\u00e9 avoir donn\u00e9 des instructions aux diplomates pour d\u00e9poser des plaintes \u00e0 l&rsquo;encontre des auteurs d&rsquo;agressions ayant cibl\u00e9 les biens et les repr\u00e9sentations consulaires et diplomatiques.Indiquant qu&rsquo;il n&rsquo;y avait pas beaucoup de cas d&rsquo;agressions, le ministre a d\u00e9clar\u00e9: \u00ab\u00a0je ne dis pas qu&rsquo;il y a eu un manquement sur plan s\u00e9curitaire, mais on ne s&rsquo;attendait pas \u00e0 ce genre d&rsquo;agressions, notamment contre des femmes. Ces actes qui ne se sont pas limit\u00e9s aux repr\u00e9sentations diplomatiques, ont \u00e9galement cibl\u00e9 des moyens de transport, \u00e0 l&rsquo;instar du m\u00e9tro\u00a0\u00bb.\u00a0\u00bbComment ces agresseurs peuvent-ils parler au nom de la d\u00e9mocratie et rejeter toute opinion contraire\u00a0\u00bb, s&rsquo;est-il interrog\u00e9, arguant \u00ab\u00a0laissez ceux qui veulent voter choisir celui qu&rsquo;ils estiment apte \u00e0 les repr\u00e9senter\u00a0\u00bb.Concernant l&rsquo;absence d&rsquo;observateurs internationaux pour surveiller cet \u00e9v\u00e8nement, le chef de la diplomatie alg\u00e9rienne a rappel\u00e9 que le citoyen \u00ab\u00a0demeure le premier observateur de la r\u00e9gularit\u00e9 des \u00e9lections\u00a0\u00bb.<\/p>\n<p><strong>APS \/ R\u00e9daction Web<\/strong><\/p>\n<p>Auteur: elmoudjahid<br \/>\n<a href=\"http:\/\/www.elmoudjahid.com\/fr\/actualites\/145701\">Cliquez ici pour lire l&rsquo;article depuis sa source.<\/a><\/p>\n","protected":false},"excerpt":{"rendered":"<p>Le ministre des Affaires \u00e9trang\u00e8res, Sabri Boukadoum a d\u00e9nonc\u00e9, jeudi \u00e0 Alger, \u00ab\u00a0les agressions\u00a0\u00bb contre des membres de la communaut\u00e9 nationale \u00e9tablie \u00e0 l&rsquo;\u00e9tranger lors de l&rsquo;accomplissement de leur devoir \u00e9lectoral, dans le cadre de la pr\u00e9sidentielle du 12 d\u00e9cembre, soulignant que des mesures juridiques seront prises dans le cas o\u00f9 des plaintes sont d\u00e9pos\u00e9es [&hellip;]<\/p>\n","protected":false},"author":1744,"featured_media":0,"comment_status":"closed","ping_status":"closed","sticky":false,"template":"","format":"standard","meta":{"fifu_image_url":"","fifu_image_alt":"","footnotes":""},"categories":[73,53],"tags":[],"class_list":["post-70006","post","type-post","status-publish","format-standard","hentry","category-actualite","category-algerie"],"_links":{"self":[{"href":"https:\/\/linitiative.ca\/International\/wp-json\/wp\/v2\/posts\/70006","targetHints":{"allow":["GET"]}}],"collection":[{"href":"https:\/\/linitiative.ca\/International\/wp-json\/wp\/v2\/posts"}],"about":[{"href":"https:\/\/linitiative.ca\/International\/wp-json\/wp\/v2\/types\/post"}],"author":[{"embeddable":true,"href":"https:\/\/linitiative.ca\/International\/wp-json\/wp\/v2\/users\/1744"}],"replies":[{"embeddable":true,"href":"https:\/\/linitiative.ca\/International\/wp-json\/wp\/v2\/comments?post=70006"}],"version-history":[{"count":0,"href":"https:\/\/linitiative.ca\/International\/wp-json\/wp\/v2\/posts\/70006\/revisions"}],"wp:attachment":[{"href":"https:\/\/linitiative.ca\/International\/wp-json\/wp\/v2\/media?parent=70006"}],"wp:term":[{"taxonomy":"category","embeddable":true,"href":"https:\/\/linitiative.ca\/International\/wp-json\/wp\/v2\/categories?post=70006"},{"taxonomy":"post_tag","embeddable":true,"href":"https:\/\/linitiative.ca\/International\/wp-json\/wp\/v2\/tags?post=70006"}],"curies":[{"name":"wp","href":"https:\/\/api.w.org\/{rel}","templated":true}]}}