{"id":70007,"date":"2019-12-12T06:20:00","date_gmt":"2019-12-12T11:20:00","guid":{"rendered":"https:\/\/linitiative.ca\/International\/benflis-que-la-presidentielle-soit-de-bon-augure-pour-le-peuple-algerien-et-lalgerie\/"},"modified":"2019-12-12T06:20:00","modified_gmt":"2019-12-12T11:20:00","slug":"benflis-que-la-presidentielle-soit-de-bon-augure-pour-le-peuple-algerien-et-lalgerie","status":"publish","type":"post","link":"https:\/\/linitiative.ca\/International\/benflis-que-la-presidentielle-soit-de-bon-augure-pour-le-peuple-algerien-et-lalgerie\/","title":{"rendered":"Benflis: Que la pr\u00e9sidentielle \u00ab\u00a0soit de bon augure pour le peuple alg\u00e9rien et l&rsquo;Alg\u00e9rie\u00a0\u00bb"},"content":{"rendered":"<p>Le candidat \u00e0 l&rsquo;\u00e9lection pr\u00e9sidentielle, Ali Benflis, a accompli jeudi son devoir \u00e9lectoral au centre de vote Mohamed Allik dans la commune d&rsquo;Hydra (Alger).Dans une d\u00e9claration \u00e0 la presse, M. Benflis a souhait\u00e9 que cette \u00e9lection pr\u00e9sidentielle \u00ab\u00a0soit de bon augure pour le peuple alg\u00e9rien et l&rsquo;Alg\u00e9rie\u00a0\u00bb. Le candidat n&rsquo;a pas voulu r\u00e9pondre aux questions des journalistes faisant valoir \u00ab\u00a0le devoir de r\u00e9serve et la Charte d&rsquo;\u00e9thique des pratiques \u00e9lectorales\u00a0\u00bb.<\/p>\n<p>APS\/ R\u00e9daction Web<\/p>\n<p>Auteur: elmoudjahid<br \/>\n<a href=\"http:\/\/www.elmoudjahid.com\/fr\/actualites\/145702\">Cliquez ici pour lire l&rsquo;article depuis sa source.<\/a><\/p>\n","protected":false},"excerpt":{"rendered":"<p>Le candidat \u00e0 l&rsquo;\u00e9lection pr\u00e9sidentielle, Ali Benflis, a accompli jeudi son devoir \u00e9lectoral au centre de vote Mohamed Allik dans la commune d&rsquo;Hydra (Alger).Dans une d\u00e9claration \u00e0 la presse, M. Benflis a souhait\u00e9 que cette \u00e9lection pr\u00e9sidentielle \u00ab\u00a0soit de bon augure pour le peuple alg\u00e9rien et l&rsquo;Alg\u00e9rie\u00a0\u00bb. Le candidat n&rsquo;a pas voulu r\u00e9pondre aux questions [&hellip;]<\/p>\n","protected":false},"author":1744,"featured_media":0,"comment_status":"closed","ping_status":"closed","sticky":false,"template":"","format":"standard","meta":{"fifu_image_url":"","fifu_image_alt":"","footnotes":""},"categories":[73,53],"tags":[],"class_list":["post-70007","post","type-post","status-publish","format-standard","hentry","category-actualite","category-algerie"],"_links":{"self":[{"href":"https:\/\/linitiative.ca\/International\/wp-json\/wp\/v2\/posts\/70007","targetHints":{"allow":["GET"]}}],"collection":[{"href":"https:\/\/linitiative.ca\/International\/wp-json\/wp\/v2\/posts"}],"about":[{"href":"https:\/\/linitiative.ca\/International\/wp-json\/wp\/v2\/types\/post"}],"author":[{"embeddable":true,"href":"https:\/\/linitiative.ca\/International\/wp-json\/wp\/v2\/users\/1744"}],"replies":[{"embeddable":true,"href":"https:\/\/linitiative.ca\/International\/wp-json\/wp\/v2\/comments?post=70007"}],"version-history":[{"count":0,"href":"https:\/\/linitiative.ca\/International\/wp-json\/wp\/v2\/posts\/70007\/revisions"}],"wp:attachment":[{"href":"https:\/\/linitiative.ca\/International\/wp-json\/wp\/v2\/media?parent=70007"}],"wp:term":[{"taxonomy":"category","embeddable":true,"href":"https:\/\/linitiative.ca\/International\/wp-json\/wp\/v2\/categories?post=70007"},{"taxonomy":"post_tag","embeddable":true,"href":"https:\/\/linitiative.ca\/International\/wp-json\/wp\/v2\/tags?post=70007"}],"curies":[{"name":"wp","href":"https:\/\/api.w.org\/{rel}","templated":true}]}}