{"id":70008,"date":"2019-12-12T06:55:00","date_gmt":"2019-12-12T11:55:00","guid":{"rendered":"https:\/\/linitiative.ca\/International\/le-chef-detat-accomplit-son-devoir-electoral\/"},"modified":"2019-12-12T06:55:00","modified_gmt":"2019-12-12T11:55:00","slug":"le-chef-detat-accomplit-son-devoir-electoral","status":"publish","type":"post","link":"https:\/\/linitiative.ca\/International\/le-chef-detat-accomplit-son-devoir-electoral\/","title":{"rendered":"Le chef d\u2019Etat  accomplit son devoir \u00e9lectoral"},"content":{"rendered":"<p class=\"c6\">Le Chef d\u2019Etat Abdelkader Bensalah a accompli jeudi ,son devoir \u00e9lectoral pour les \u00e9lections pr\u00e9sidentielles \u00a0de 2019 \u00e0 l\u2019\u00e9cole primaire Ahmed Aroua \u00e0 Bouchaoui\u00a0 \u00e0 l\u2019Ouest de la Capitale .Le chef de l`Etat est arriv\u00e9 aux environs de 10h au centre de vote, en pr\u00e9sence de nombreux repr\u00e9sentants de m\u00e9dias et sous haute s\u00e9curit\u00e9 .<\/p>\n<p class=\"c6\">NB\/ R\u00e9daction Web<\/p>\n<p>Auteur: elmoudjahid<br \/>\n<a href=\"http:\/\/www.elmoudjahid.com\/fr\/actualites\/145703\">Cliquez ici pour lire l&rsquo;article depuis sa source.<\/a><\/p>\n","protected":false},"excerpt":{"rendered":"<p>Le Chef d\u2019Etat Abdelkader Bensalah a accompli jeudi ,son devoir \u00e9lectoral pour les \u00e9lections pr\u00e9sidentielles \u00a0de 2019 \u00e0 l\u2019\u00e9cole primaire Ahmed Aroua \u00e0 Bouchaoui\u00a0 \u00e0 l\u2019Ouest de la Capitale .Le chef de l`Etat est arriv\u00e9 aux environs de 10h au centre de vote, en pr\u00e9sence de nombreux repr\u00e9sentants de m\u00e9dias et sous haute s\u00e9curit\u00e9 . [&hellip;]<\/p>\n","protected":false},"author":1744,"featured_media":0,"comment_status":"closed","ping_status":"closed","sticky":false,"template":"","format":"standard","meta":{"fifu_image_url":"","fifu_image_alt":"","footnotes":""},"categories":[73,53],"tags":[],"class_list":["post-70008","post","type-post","status-publish","format-standard","hentry","category-actualite","category-algerie"],"_links":{"self":[{"href":"https:\/\/linitiative.ca\/International\/wp-json\/wp\/v2\/posts\/70008","targetHints":{"allow":["GET"]}}],"collection":[{"href":"https:\/\/linitiative.ca\/International\/wp-json\/wp\/v2\/posts"}],"about":[{"href":"https:\/\/linitiative.ca\/International\/wp-json\/wp\/v2\/types\/post"}],"author":[{"embeddable":true,"href":"https:\/\/linitiative.ca\/International\/wp-json\/wp\/v2\/users\/1744"}],"replies":[{"embeddable":true,"href":"https:\/\/linitiative.ca\/International\/wp-json\/wp\/v2\/comments?post=70008"}],"version-history":[{"count":0,"href":"https:\/\/linitiative.ca\/International\/wp-json\/wp\/v2\/posts\/70008\/revisions"}],"wp:attachment":[{"href":"https:\/\/linitiative.ca\/International\/wp-json\/wp\/v2\/media?parent=70008"}],"wp:term":[{"taxonomy":"category","embeddable":true,"href":"https:\/\/linitiative.ca\/International\/wp-json\/wp\/v2\/categories?post=70008"},{"taxonomy":"post_tag","embeddable":true,"href":"https:\/\/linitiative.ca\/International\/wp-json\/wp\/v2\/tags?post=70008"}],"curies":[{"name":"wp","href":"https:\/\/api.w.org\/{rel}","templated":true}]}}