{"id":70015,"date":"2019-12-12T15:15:40","date_gmt":"2019-12-12T20:15:40","guid":{"rendered":"https:\/\/linitiative.ca\/International\/pros-ogc-nice-atal-vieira-donne-des-precisions\/"},"modified":"2019-12-12T15:15:40","modified_gmt":"2019-12-12T20:15:40","slug":"pros-ogc-nice-atal-vieira-donne-des-precisions","status":"publish","type":"post","link":"https:\/\/linitiative.ca\/International\/pros-ogc-nice-atal-vieira-donne-des-precisions\/","title":{"rendered":"Pros : OGC Nice: Atal, Vieira donne des pr\u00e9cisions"},"content":{"rendered":"<div readability=\"32\">\n<p>Auteur : <span class=\"time\">jeudi 12 d\u00e9cembre 2019 16:53<\/span><\/p>\n<\/div>\n<div id=\"post_core\" readability=\"42\">\n<p>Victime d&rsquo;une l\u00e9sion m\u00e9niscale au genou droit, le lat\u00e9ral droit de l&rsquo;OGC Nice Youcef Atal \u00a0va \u00eatre absent pour plusieurs mois. Pr\u00e9sent devant les m\u00e9dias ce jeudi, l&rsquo;entra\u00eeneur des Aiglons Patrick Vieira a donn\u00e9 quelques pr\u00e9cisions sur la dur\u00e9e de l\u2019indisponibilit\u00e9 de l&rsquo;international alg\u00e9rien: \u00ab\u00a0Entre 3 et 5 mois d&rsquo;absence ? \u00c7a ne veut pas dire grand-chose. C\u2019est quelques mois. L\u2019op\u00e9ration s\u2019est tr\u00e8s bien pass\u00e9e, il n\u2019y a eu aucune complication. C\u2019est une tr\u00e8s bonne nouvelle. Maintenant, il faut laisser \u00e0 son genou le temps de r\u00e9cup\u00e9rer et puis voir dans un second temps si on sera plus pr\u00e8s des 5 ou des 3 mois\u00a0\u00bb, a comment\u00e9 le technicien du Gym. Il s&rsquo;agit en tout cas d&rsquo;un coup dur pour Nice rapporte Maxifoot.fr.<\/p>\n<p><strong>Publi\u00e9 dans :<\/strong> <span>Vieira<\/span> <span>Atal<\/span><\/p>\n<\/div>\n<p>Auteur:<br \/>\n<a href=\"http:\/\/www.lebuteur.com\/article\/detail?titre=ogc-nice-atal-vieira-donne-des-precisions&#038;id=93541&#038;utm_source=feedburner&#038;utm_medium=feed&#038;utm_campaign=Feed%3A+GalerieFArtciles+%28Les+derniers+articles++-+lebuteur.com%29\">Cliquez ici pour lire l&rsquo;article depuis sa source.<\/a><\/p>\n","protected":false},"excerpt":{"rendered":"<p>Auteur : jeudi 12 d\u00e9cembre 2019 16:53 Victime d&rsquo;une l\u00e9sion m\u00e9niscale au genou droit, le lat\u00e9ral droit de l&rsquo;OGC Nice Youcef Atal \u00a0va \u00eatre absent pour plusieurs mois. Pr\u00e9sent devant les m\u00e9dias ce jeudi, l&rsquo;entra\u00eeneur des Aiglons Patrick Vieira a donn\u00e9 quelques pr\u00e9cisions sur la dur\u00e9e de l\u2019indisponibilit\u00e9 de l&rsquo;international alg\u00e9rien: \u00ab\u00a0Entre 3 et 5 [&hellip;]<\/p>\n","protected":false},"author":1738,"featured_media":70016,"comment_status":"closed","ping_status":"closed","sticky":false,"template":"","format":"standard","meta":{"fifu_image_url":"","fifu_image_alt":"","footnotes":""},"categories":[53,75],"tags":[],"class_list":["post-70015","post","type-post","status-publish","format-standard","has-post-thumbnail","hentry","category-algerie","category-sport"],"_links":{"self":[{"href":"https:\/\/linitiative.ca\/International\/wp-json\/wp\/v2\/posts\/70015","targetHints":{"allow":["GET"]}}],"collection":[{"href":"https:\/\/linitiative.ca\/International\/wp-json\/wp\/v2\/posts"}],"about":[{"href":"https:\/\/linitiative.ca\/International\/wp-json\/wp\/v2\/types\/post"}],"author":[{"embeddable":true,"href":"https:\/\/linitiative.ca\/International\/wp-json\/wp\/v2\/users\/1738"}],"replies":[{"embeddable":true,"href":"https:\/\/linitiative.ca\/International\/wp-json\/wp\/v2\/comments?post=70015"}],"version-history":[{"count":0,"href":"https:\/\/linitiative.ca\/International\/wp-json\/wp\/v2\/posts\/70015\/revisions"}],"wp:featuredmedia":[{"embeddable":true,"href":"https:\/\/linitiative.ca\/International\/wp-json\/"}],"wp:attachment":[{"href":"https:\/\/linitiative.ca\/International\/wp-json\/wp\/v2\/media?parent=70015"}],"wp:term":[{"taxonomy":"category","embeddable":true,"href":"https:\/\/linitiative.ca\/International\/wp-json\/wp\/v2\/categories?post=70015"},{"taxonomy":"post_tag","embeddable":true,"href":"https:\/\/linitiative.ca\/International\/wp-json\/wp\/v2\/tags?post=70015"}],"curies":[{"name":"wp","href":"https:\/\/api.w.org\/{rel}","templated":true}]}}