{"id":70017,"date":"2019-12-12T15:15:42","date_gmt":"2019-12-12T20:15:42","guid":{"rendered":"https:\/\/linitiative.ca\/International\/international-benzema-avec-la-france-aux-jeux-olympiques-la-reponse-de-le-graet\/"},"modified":"2019-12-12T15:15:42","modified_gmt":"2019-12-12T20:15:42","slug":"international-benzema-avec-la-france-aux-jeux-olympiques-la-reponse-de-le-graet","status":"publish","type":"post","link":"https:\/\/linitiative.ca\/International\/international-benzema-avec-la-france-aux-jeux-olympiques-la-reponse-de-le-graet\/","title":{"rendered":"International : Benzema avec la France aux Jeux Olympiques ? La r\u00e9ponse de Le Gra\u00ebt"},"content":{"rendered":"<div readability=\"32\">\n<p>Auteur : <span class=\"time\">jeudi 12 d\u00e9cembre 2019 19:15<\/span><\/p>\n<\/div>\n<div id=\"post_core\" readability=\"44\">\n<p>Reverra-t-on Karim Benzema sous le maillot de l\u2019\u00e9quipe de France ? Cela semble difficile \u00e0 imaginer, du moins tant que Didier Deschamps sera aux commandes des Bleus. Depuis l\u2019affaire de la sextape de Mathieu Valbuena, le s\u00e9lectionneur a d\u00e9cid\u00e9 de se passer de l\u2019attaquant du Real Madrid et ce malgr\u00e9 des performances exceptionnelles. L&rsquo;\u00e9t\u00e9 prochain, Benzema ne devrait donc pas \u00eatre de la partie pour l\u2019Euro 2020. N\u00e9anmoins, il est possible que le prot\u00e9g\u00e9 de Zinedine Zidane soit aux Jeux Olympiques \u00e9tant donn\u00e9 que c\u2019est Sylvain Ripoll qui sera l\u2019entra\u00eeneur. Il pourrait ainsi faire partie des 3 joueurs de plus de 21 ans qui auront le droit d\u2019\u00eatre appel\u00e9. Dans des propos accord\u00e9s \u00e0 l\u2019AFP, No\u00ebl Le Gra\u00ebt s\u2019est confi\u00e9 sur cette possibilit\u00e9 de voir Karim Benzema sous le maillot de l\u2019\u00e9quipe de France aux Jeux Olympiques. Et si le pr\u00e9sident de la FFF a ouvert la porte, il n\u2019a cependant pas affich\u00e9 un grand optimisme, assurant : \u00ab Il est s\u00e9lectionnable, il n&rsquo;est pas suspendu par la F\u00e9d\u00e9ration. Apr\u00e8s, cela para\u00eet improbable quand m\u00eame. Je vois mal Sylvain Ripoll se mettre en contradiction avec Didier.\u00bbrapporte Le 10 Sport.<\/p>\n<p><strong>Publi\u00e9 dans :<\/strong> <span>benzema<\/span><\/p>\n<\/div>\n<p>Auteur:<br \/>\n<a href=\"http:\/\/www.lebuteur.com\/article\/detail?titre=benzema-avec-la-france-aux-jeux-olympiques-la-reponse-de-le-graet&#038;id=93542&#038;utm_source=feedburner&#038;utm_medium=feed&#038;utm_campaign=Feed%3A+GalerieFArtciles+%28Les+derniers+articles++-+lebuteur.com%29\">Cliquez ici pour lire l&rsquo;article depuis sa source.<\/a><\/p>\n","protected":false},"excerpt":{"rendered":"<p>Auteur : jeudi 12 d\u00e9cembre 2019 19:15 Reverra-t-on Karim Benzema sous le maillot de l\u2019\u00e9quipe de France ? Cela semble difficile \u00e0 imaginer, du moins tant que Didier Deschamps sera aux commandes des Bleus. Depuis l\u2019affaire de la sextape de Mathieu Valbuena, le s\u00e9lectionneur a d\u00e9cid\u00e9 de se passer de l\u2019attaquant du Real Madrid et [&hellip;]<\/p>\n","protected":false},"author":1738,"featured_media":70018,"comment_status":"closed","ping_status":"closed","sticky":false,"template":"","format":"standard","meta":{"fifu_image_url":"","fifu_image_alt":"","footnotes":""},"categories":[53,75],"tags":[],"class_list":["post-70017","post","type-post","status-publish","format-standard","has-post-thumbnail","hentry","category-algerie","category-sport"],"_links":{"self":[{"href":"https:\/\/linitiative.ca\/International\/wp-json\/wp\/v2\/posts\/70017","targetHints":{"allow":["GET"]}}],"collection":[{"href":"https:\/\/linitiative.ca\/International\/wp-json\/wp\/v2\/posts"}],"about":[{"href":"https:\/\/linitiative.ca\/International\/wp-json\/wp\/v2\/types\/post"}],"author":[{"embeddable":true,"href":"https:\/\/linitiative.ca\/International\/wp-json\/wp\/v2\/users\/1738"}],"replies":[{"embeddable":true,"href":"https:\/\/linitiative.ca\/International\/wp-json\/wp\/v2\/comments?post=70017"}],"version-history":[{"count":0,"href":"https:\/\/linitiative.ca\/International\/wp-json\/wp\/v2\/posts\/70017\/revisions"}],"wp:featuredmedia":[{"embeddable":true,"href":"https:\/\/linitiative.ca\/International\/wp-json\/"}],"wp:attachment":[{"href":"https:\/\/linitiative.ca\/International\/wp-json\/wp\/v2\/media?parent=70017"}],"wp:term":[{"taxonomy":"category","embeddable":true,"href":"https:\/\/linitiative.ca\/International\/wp-json\/wp\/v2\/categories?post=70017"},{"taxonomy":"post_tag","embeddable":true,"href":"https:\/\/linitiative.ca\/International\/wp-json\/wp\/v2\/tags?post=70017"}],"curies":[{"name":"wp","href":"https:\/\/api.w.org\/{rel}","templated":true}]}}