{"id":70019,"date":"2019-12-12T09:01:35","date_gmt":"2019-12-12T14:01:35","guid":{"rendered":"https:\/\/linitiative.ca\/International\/98860-foot-stade-5-juillet-installation-de-portiques-electroniques\/"},"modified":"2019-12-12T09:01:35","modified_gmt":"2019-12-12T14:01:35","slug":"98860-foot-stade-5-juillet-installation-de-portiques-electroniques","status":"publish","type":"post","link":"https:\/\/linitiative.ca\/International\/98860-foot-stade-5-juillet-installation-de-portiques-electroniques\/","title":{"rendered":"Foot\/Stade 5 juillet: installation de portiques \u00e9lectroniques"},"content":{"rendered":"<p><span class=\"sp-nh-title\">Fin de l&rsquo;op\u00e9ration de d\u00e9pouillement des bulletins de la communaut\u00e9 alg\u00e9rienne \u00e9tablie en Tunisie<\/span> &#8211; <span class=\"sp-nh-date\">jeudi 12 d\u00e9cembre 2019 21:22<\/span><\/p>\n<p><span class=\"sp-nh-title\">Pr\u00e9sidentielle: l\u2019annonce des r\u00e9sultats d\u00e9finitifs entre le 16 et le 25 d\u00e9cembre<\/span> &#8211; <span class=\"sp-nh-date\">jeudi 12 d\u00e9cembre 2019 20:46<\/span><\/p>\n<p><span class=\"sp-nh-title\">Pr\u00e9sidentielle: la retenue et la sagesse des responsables face aux d\u00e9passements salu\u00e9es<\/span> &#8211; <span class=\"sp-nh-date\">jeudi 12 d\u00e9cembre 2019 20:35<\/span><\/p>\n<p><span class=\"sp-nh-title\">Pr\u00e9sidentielle \u00e0 El Bayadh: aucun cas de d\u00e9c\u00e8s au centre de vote de Sidi Taifour (ANIE)<\/span> &#8211; <span class=\"sp-nh-date\">jeudi 12 d\u00e9cembre 2019 20:33<\/span><\/p>\n<p><span class=\"sp-nh-title\">Pr\u00e9sidentielle: d\u00e9but de d\u00e9pouillement des bulletins de la communaut\u00e9 alg\u00e9rienne \u00e9tablie en Tunisie<\/span> &#8211; <span class=\"sp-nh-date\">jeudi 12 d\u00e9cembre 2019 20:24<\/span><\/p>\n<p><span class=\"sp-nh-title\">Pr\u00e9sidentielle: le d\u00e9pouillement des bulletins de vote se poursuit dans de bonnes conditions<\/span> &#8211; <span class=\"sp-nh-date\">jeudi 12 d\u00e9cembre 2019 19:49<\/span><\/p>\n<p><span class=\"sp-nh-title\">Pr\u00e9sidentielle: cl\u00f4ture des op\u00e9rations de vote et d\u00e9but du d\u00e9pouillement<\/span> &#8211; <span class=\"sp-nh-date\">jeudi 12 d\u00e9cembre 2019 19:45<\/span><\/p>\n<p><span class=\"sp-nh-title\">Pr\u00e9sidentielle: le taux de participation par wilayas annonc\u00e9 \u00e0 17h<\/span> &#8211; <span class=\"sp-nh-date\">jeudi 12 d\u00e9cembre 2019 19:45<\/span><\/p>\n<p><span class=\"sp-nh-title\">Pr\u00e9sidentielle: pr\u00e9sence en force de la presse \u00e9trang\u00e8re (ANIE)<\/span> &#8211; <span class=\"sp-nh-date\">jeudi 12 d\u00e9cembre 2019 19:42<\/span><\/p>\n<p><span class=\"sp-nh-title\">Taux de participation satisfaisant et en ad\u00e9quation avec les aspirations du peuple<\/span> &#8211; <span class=\"sp-nh-date\">jeudi 12 d\u00e9cembre 2019 19:36<\/span><\/p>\n<p><span class=\"sp-nh-title\">Pr\u00e9sidentielle-Centre: affluence croissante des \u00e9lecteurs dans la majorit\u00e9 de wilayas<\/span> &#8211; <span class=\"sp-nh-date\">jeudi 12 d\u00e9cembre 2019 19:33<\/span><\/p>\n<p><span class=\"sp-nh-title\">Pr\u00e9sidentielle: cl\u00f4ture de l\u2019op\u00e9ration de vote \u00e0 Paris et d\u00e9but du d\u00e9pouillement<\/span> &#8211; <span class=\"sp-nh-date\">jeudi 12 d\u00e9cembre 2019 19:25<\/span><\/p>\n<p><span class=\"sp-nh-title\">Pr\u00e9sidentielle: les membres de la communaut\u00e9 alg\u00e9rienne \u00e9tablie \u00e0 Nouakchott accomplissent leur devoir \u00e9lectoral<\/span> &#8211; <span class=\"sp-nh-date\">jeudi 12 d\u00e9cembre 2019 19:13<\/span><\/p>\n<p><span class=\"sp-nh-title\">Pr\u00e9sidentielle: remise de 291 nouvelles cartes de vote \u00e0 Oran<\/span> &#8211; <span class=\"sp-nh-date\">jeudi 12 d\u00e9cembre 2019 19:09<\/span><\/p>\n<p><span class=\"sp-nh-title\">Pr\u00e9sidentielle: un taux national de participation de 33,06% \u00e0 17h00<\/span> &#8211; <span class=\"sp-nh-date\">jeudi 12 d\u00e9cembre 2019 18:57<\/span><\/p>\n<p><span class=\"sp-nh-title\">Pr\u00e9sidentielle: Sofiane d\u00e9fie son handicap et vote \u00e0 A\u00efn T\u00e9mouchent<\/span> &#8211; <span class=\"sp-nh-date\">jeudi 12 d\u00e9cembre 2019 18:56<\/span><\/p>\n<p><span class=\"sp-nh-title\">Pr\u00e9sidentielle: le taux de participation par wilayas annonc\u00e9 \u00e0 15h<\/span> &#8211; <span class=\"sp-nh-date\">jeudi 12 d\u00e9cembre 2019 18:46<\/span><\/p>\n<p><span class=\"sp-nh-title\">Election pr\u00e9sidentielle: il brave son handicap et vote \u00e0 Tebessa<\/span> &#8211; <span class=\"sp-nh-date\">jeudi 12 d\u00e9cembre 2019 18:45<\/span><\/p>\n<p><span class=\"sp-nh-title\">Pr\u00e9sidentielle: participation croissante dans les centres de vote des wilayas de l&rsquo;Ouest<\/span> &#8211; <span class=\"sp-nh-date\">jeudi 12 d\u00e9cembre 2019 18:43<\/span><\/p>\n<p><span class=\"sp-nh-title\">ANIE: hausse appr\u00e9ciable du taux de participation de la communaut\u00e9 alg\u00e9rienne \u00e0 Tunis au dernier jour du scrutin<\/span> &#8211; <span class=\"sp-nh-date\">jeudi 12 d\u00e9cembre 2019 18:41<\/span><\/p>\n<p>Auteur:<br \/>\n<a href=\"http:\/\/www.aps.dz\/sport\/98860-foot-stade-5-juillet-installation-de-portiques-electroniques?utm_source=feedburner&#038;utm_medium=feed&#038;utm_campaign=Feed%3A+aps-sport+%28APS+-+SPORT%29\">Cliquez ici pour lire l&rsquo;article depuis sa source.<\/a><\/p>\n","protected":false},"excerpt":{"rendered":"<p>Fin de l&rsquo;op\u00e9ration de d\u00e9pouillement des bulletins de la communaut\u00e9 alg\u00e9rienne \u00e9tablie en Tunisie &#8211; jeudi 12 d\u00e9cembre 2019 21:22 Pr\u00e9sidentielle: l\u2019annonce des r\u00e9sultats d\u00e9finitifs entre le 16 et le 25 d\u00e9cembre &#8211; jeudi 12 d\u00e9cembre 2019 20:46 Pr\u00e9sidentielle: la retenue et la sagesse des responsables face aux d\u00e9passements salu\u00e9es &#8211; jeudi 12 d\u00e9cembre 2019 [&hellip;]<\/p>\n","protected":false},"author":1790,"featured_media":0,"comment_status":"closed","ping_status":"closed","sticky":false,"template":"","format":"standard","meta":{"fifu_image_url":"","fifu_image_alt":"","footnotes":""},"categories":[53,75],"tags":[],"class_list":["post-70019","post","type-post","status-publish","format-standard","hentry","category-algerie","category-sport"],"_links":{"self":[{"href":"https:\/\/linitiative.ca\/International\/wp-json\/wp\/v2\/posts\/70019","targetHints":{"allow":["GET"]}}],"collection":[{"href":"https:\/\/linitiative.ca\/International\/wp-json\/wp\/v2\/posts"}],"about":[{"href":"https:\/\/linitiative.ca\/International\/wp-json\/wp\/v2\/types\/post"}],"author":[{"embeddable":true,"href":"https:\/\/linitiative.ca\/International\/wp-json\/wp\/v2\/users\/1790"}],"replies":[{"embeddable":true,"href":"https:\/\/linitiative.ca\/International\/wp-json\/wp\/v2\/comments?post=70019"}],"version-history":[{"count":0,"href":"https:\/\/linitiative.ca\/International\/wp-json\/wp\/v2\/posts\/70019\/revisions"}],"wp:attachment":[{"href":"https:\/\/linitiative.ca\/International\/wp-json\/wp\/v2\/media?parent=70019"}],"wp:term":[{"taxonomy":"category","embeddable":true,"href":"https:\/\/linitiative.ca\/International\/wp-json\/wp\/v2\/categories?post=70019"},{"taxonomy":"post_tag","embeddable":true,"href":"https:\/\/linitiative.ca\/International\/wp-json\/wp\/v2\/tags?post=70019"}],"curies":[{"name":"wp","href":"https:\/\/api.w.org\/{rel}","templated":true}]}}