{"id":70026,"date":"2019-12-12T04:30:58","date_gmt":"2019-12-12T09:30:58","guid":{"rendered":"https:\/\/linitiative.ca\/International\/cinq-candidats-briguent-le-siege-de-la-presidence-une-election-sous-tension\/"},"modified":"2019-12-12T04:30:58","modified_gmt":"2019-12-12T09:30:58","slug":"cinq-candidats-briguent-le-siege-de-la-presidence-une-election-sous-tension","status":"publish","type":"post","link":"https:\/\/linitiative.ca\/International\/cinq-candidats-briguent-le-siege-de-la-presidence-une-election-sous-tension\/","title":{"rendered":"Cinq candidats briguent le si\u00e8ge de la pr\u00e9sidence : Une \u00e9lection sous tension"},"content":{"rendered":"<h4 class=\"title-14\"\/>\n<div class=\"featured_image\"><img loading=\"lazy\" decoding=\"async\" width=\"800\" height=\"530\" src=\"https:\/\/www.elwatan.com\/wp-content\/uploads\/2019\/12\/manif3-e1576098645138.png\" class=\"attachment-post-thumbnail size-post-thumbnail wp-post-image\" alt=\"\"\/><span class=\"featured-image-caption\">(Photo : Ly\u00e8s Hebbache)<\/span><\/div>\n<p class=\"p1\"><span class=\"s1\"><strong>L<\/strong><\/span><span class=\"s2\">\u2019\u00e9lection pr\u00e9sidentielle pr\u00e9vue aujourd\u2019hui se d\u00e9roulera dans un contexte tr\u00e8s particulier puisque l\u2019\u00e9ch\u00e9ance est rejet\u00e9e par beaucoup d\u2019Alg\u00e9riens depuis plusieurs semaines d\u00e9j\u00e0.<\/span><\/p>\n<p class=\"p1\"><span class=\"s2\">Et la contestation s\u2019est accentu\u00e9e ces derniers jours avec l\u2019approche de l\u2019\u00e9ch\u00e9ance. Hier encore, des manifestations ont eu lieu dans plusieurs villes du pays, dont la capitale. Dans l\u2019immigration, des rassemblements sont organis\u00e9s au niveau des consulats depuis l\u2019entame, samedi dernier, de l\u2019op\u00e9ration de vote de la communaut\u00e9 alg\u00e9rienne \u00e0 l\u2019\u00e9tranger.<\/span><\/p>\n<p class=\"p1\"><span class=\"s2\">Une situation plut\u00f4t tendue qui fait na\u00eetre des craintes chez beaucoup d\u2019Alg\u00e9riens par rapport \u00e0 la journ\u00e9e d\u2019aujourd\u2019hui. D\u2019o\u00f9 tous les appels au calme et au maintien du caract\u00e8re pacifique des manifestations, lanc\u00e9s par nombre de personnalit\u00e9s et de partis politiques.<\/span><\/p>\n<p class=\"p2\"><span class=\"s2\">Le sentiment de d\u00e9fiance de beaucoup d\u2019Alg\u00e9riens et de la totalit\u00e9 des partis politiques de l\u2019opposition vient du fait que le pouvoir en place a refus\u00e9, d\u00e8s le d\u00e9part, de faire des concessions par rapport \u00e0 nombre de revendications, comme pour ce qui est du d\u00e9part du chef de l\u2019Etat par int\u00e9rim, Abdelkader Bensalah, et de son Premier ministre, Nourredine Bedoui \u2013 ce dernier nomm\u00e9 d\u2019ailleurs par Abdelaziz Bouteflika juste avant sa d\u00e9mission.<\/span><\/p>\n<p class=\"p2\"><span class=\"s2\">Ceci, alors que certaines formations politiques \u2013 celles regroup\u00e9s principalement au sein du Pacte de l\u2019alternative d\u00e9mocratique (PAD) \u2013 plaident carr\u00e9ment pour un processus constituant. Ainsi, en plus du maintien de ces deux \u00absymboles\u00bb de l\u2019ancien syst\u00e8me, la mani\u00e8re avec laquelle a \u00e9t\u00e9 constitu\u00e9 le panel du dialogue, pr\u00e9sid\u00e9 par Karim Youn\u00e8s, et par la suite l\u2019Autorit\u00e9 nationale ind\u00e9pendantes des \u00e9lections (ANIE), confi\u00e9e \u00e0 l\u2019ancien ministre de la Justice Mohamed Chorfi, ainsi que leurs composantes, ont creus\u00e9 davantage le foss\u00e9.<\/span><\/p>\n<p class=\"p3\"><strong><span class=\"s2\">Deux pr\u00e9sidentielles\u00a0d\u00e9j\u00e0 annul\u00e9es<\/span><\/strong><\/p>\n<p class=\"p2\"><span class=\"s2\">Il est sans rappeler qu\u2019apr\u00e8s l\u2019annulation de la pr\u00e9sidentielle du 18 avril, qui allait, si ce n\u2019\u00e9tait la mobilisation citoyenne, consacrer le 5<sup>e<\/sup> mandat de Bouteflika \u2013 ce dernier ayant d\u00e9missionn\u00e9 le 2 avril apr\u00e8s six semaines de manifestations \u2013 le pouvoir en place avait tent\u00e9 d\u2019organiser une premi\u00e8re fois une pr\u00e9sidentielle dont la date avait \u00e9t\u00e9 fix\u00e9 au 4 juillet. Mais cette derni\u00e8re a \u00e9t\u00e9 annul\u00e9e faute de candidat, le Conseil constitutionnel ayant invalid\u00e9 les dossiers de deux inconnus. Un processus vou\u00e9 \u00e0 l\u2019\u00e9chec d\u00e8s son lancement puisque la \u00abconf\u00e9rence nationale\u00bb qu\u2019avait tent\u00e9 d\u2019organiser Bensalah a \u00e9t\u00e9 un \u00e9chec.<\/span><\/p>\n<p class=\"p2\"><span class=\"s2\">Devant mettre en place l\u2019instance des \u00e9lections, la rencontre, programm\u00e9e le 22\u00a0avril, avait \u00e9t\u00e9 boud\u00e9e par la quasi-totalit\u00e9 des partis politiques, y compris ceux de l\u2019ex-alliance pr\u00e9sidentielle. M\u00eame le chef de l\u2019Etat par int\u00e9rim avait fait finalement l\u2019impasse. C\u2019est ce qui a fait que le rendez-vous a \u00e9t\u00e9 tout simplement annul\u00e9.<\/span><\/p>\n<p class=\"p2\"><span class=\"s2\">Mais alors que les uns et les autres s\u2019attendaient \u00e0 la mise en place d\u2019une transition ou d\u2019un processus constituant, chacun selon ses objectifs, d\u2019autant plus que l\u2019int\u00e9rim de Bensalah devait prendre fin le 9 juillet, le Conseil constitutionnel d\u00e9cidait de proroger son mandat <em>\u00abjusqu\u2019\u00e0 l\u2019\u00e9lection d\u2019un pr\u00e9sident de la R\u00e9publique\u00bb.<\/em> Finalement, le pouvoir en place n\u2019entend pas faire la moindre concession par rapport aux revendications populaires.<\/span><\/p>\n<p class=\"p3\"><strong><span class=\"s2\">Installation du Panel de Youn\u00e8s et de l\u2019ANIE de Chorfi<\/span><\/strong><\/p>\n<p class=\"p2\"><span class=\"s2\">Durant le mois d\u2019ao\u00fbt, le panel de dialogue et de m\u00e9diation, dont le coordinateur est Karim Younes, est install\u00e9. Les partis de l\u2019opposition refusent de recevoir ses membres. Mais cela ne l\u2019emp\u00eache en rien d\u2019\u00e9tablir un rapport dans lequel il adopte la feuille de route du pouvoir en place, mais aussi son calendrier. La remise du rapport s\u2019est faite le 8 septembre, cinq jours apr\u00e8s que le chef de l\u2019\u00e9tat-major de l\u2019ANP, Ahmed Ga\u00efd Salah, ait \u00absugg\u00e9r\u00e9\u00bb la convocation du corps \u00e9lectoral pour le 15 septembre.<\/span><\/p>\n<p class=\"p2\"><span class=\"s2\">C\u2019est ce qui s\u2019est fait. D\u2019o\u00f9 cette date du 12 d\u00e9cembre pour la tenue de la pr\u00e9sidentielle. Et c\u2019est ce m\u00eame jour (15 septembre) que Mohamed Charfi a \u00e9t\u00e9 \u00ab\u00e9lu\u00bb pr\u00e9sident de l\u2019Autorit\u00e9 nationale ind\u00e9pendante des \u00e9lections.<\/span><\/p>\n<p class=\"p2\"><span class=\"s2\">Entre-temps, la contestation se poursuit et la mobilisation devient m\u00eame de plus en plus importante, apr\u00e8s la baisse constat\u00e9e durant l\u2019\u00e9t\u00e9. Mais le processus poursuit son court.<\/span><\/p>\n<p class=\"p2\"><span class=\"s2\">D\u00e9but novembre, l\u2019ANIE valide cinq dossiers de candidature sur 23 d\u00e9pos\u00e9s. Il s\u2019agit du pr\u00e9sident du front El Moustakbel, Abdelaziz Bela\u00efd, du pr\u00e9sident de Talaie El Hourriyet, Ali Benflis, du pr\u00e9sident du mouvement El Bina, Abdelkader Bengrina, de l\u2019ancien Premier ministre, Abdelmadjid Tebboune, et du secr\u00e9taire g\u00e9n\u00e9ral par int\u00e9rim du Rassemblement national d\u00e9mocratique (RND), Azzedine Mihoubi.<\/span><\/p>\n<p class=\"p2\"><span class=\"s2\">Et au fur et \u00e0 mesure que l\u2019\u00e9lection approche, les rassemblements de rejets de l\u2019\u00e9lection se font de plus en plus nombreux, notamment en marge des meetings organis\u00e9s par les candidats. En face, les organisations inf\u00e9od\u00e9es au pouvoir en place tentent d\u2019organiser des marches \u00abpro-\u00e9lection\u00bb au niveau de certaines villes du pays.<\/span><\/p>\n<p class=\"p2\"><span class=\"s2\">Le 30 novembre dernier, l\u2019UGTA a organis\u00e9 une manifestation \u00e0 Alger pour d\u00e9noncer la r\u00e9solution sur l\u2019Alg\u00e9rie adopt\u00e9e par le Parlement europ\u00e9en, mais aussi soutenir le processus \u00e9lectoral. La marche ne draine pas les grandes foules, comparativement avec celles des mardis et des vendredis, mais elle est largement m\u00e9diatis\u00e9e, tout comme bien \u00e9videmment les autres rassemblements de soutien \u00e0 la pr\u00e9sidentielle. Ce qui n\u2019emp\u00eachera pas le pr\u00e9sident de l\u2019ANIE, Mohamed Charfi, d\u2019affirmer, le 6 d\u00e9cembre dernier, que <em>\u00ables manifestants pro-\u00e9lection sont plus nombreux que ceux qui s\u2019y opposent\u00bb<\/em>.<\/span><\/p>\n<p class=\"p2\"><span class=\"s2\">C\u2019est dans ce tumulte politique que se tiendra, aujourd\u2019hui, l\u2019\u00e9lection pr\u00e9sidentielle. Qu\u2019en sera-t-il, alors que beaucoup d\u2019Alg\u00e9riens promettent de sortir manifester en ce jour\u00a0? Il est clair que cette pr\u00e9sidentielle ne se d\u00e9roulera pas dans un contexte normal, m\u00eame si diff\u00e9rents officiels affirment le contraire. D\u2019o\u00f9 la multiplication des appels de personnalit\u00e9s et de partis politiques pour le maintien du caract\u00e8re pacifique du hirak.<\/span><\/p>\n<p class=\"p2\"><span class=\"s2\">La journ\u00e9e d\u2019aujourd\u2019hui sera certainement longue et tendue\u2026<\/span><\/p>\n<p><span class=\"post-views-label\">Post Views:<\/span> <span class=\"post-views-count\">3\u00a0258<\/span><\/p>\n<p><br class=\"c2\"\/><\/p>\n<p>Auteur: Hicham Chouadria<br \/>\n<a href=\"https:\/\/www.elwatan.com\/a-la-une\/cinq-candidats-briguent-le-siege-de-la-presidence-une-election-sous-tension-12-12-2019\">Cliquez ici pour lire l&rsquo;article depuis sa source.<\/a><\/p>\n","protected":false},"excerpt":{"rendered":"<p>(Photo : Ly\u00e8s Hebbache) L\u2019\u00e9lection pr\u00e9sidentielle pr\u00e9vue aujourd\u2019hui se d\u00e9roulera dans un contexte tr\u00e8s particulier puisque l\u2019\u00e9ch\u00e9ance est rejet\u00e9e par beaucoup d\u2019Alg\u00e9riens depuis plusieurs semaines d\u00e9j\u00e0. Et la contestation s\u2019est accentu\u00e9e ces derniers jours avec l\u2019approche de l\u2019\u00e9ch\u00e9ance. Hier encore, des manifestations ont eu lieu dans plusieurs villes du pays, dont la capitale. Dans l\u2019immigration, [&hellip;]<\/p>\n","protected":false},"author":1743,"featured_media":70027,"comment_status":"closed","ping_status":"closed","sticky":false,"template":"","format":"standard","meta":{"fifu_image_url":"","fifu_image_alt":"","footnotes":""},"categories":[73,53],"tags":[],"class_list":["post-70026","post","type-post","status-publish","format-standard","has-post-thumbnail","hentry","category-actualite","category-algerie"],"_links":{"self":[{"href":"https:\/\/linitiative.ca\/International\/wp-json\/wp\/v2\/posts\/70026","targetHints":{"allow":["GET"]}}],"collection":[{"href":"https:\/\/linitiative.ca\/International\/wp-json\/wp\/v2\/posts"}],"about":[{"href":"https:\/\/linitiative.ca\/International\/wp-json\/wp\/v2\/types\/post"}],"author":[{"embeddable":true,"href":"https:\/\/linitiative.ca\/International\/wp-json\/wp\/v2\/users\/1743"}],"replies":[{"embeddable":true,"href":"https:\/\/linitiative.ca\/International\/wp-json\/wp\/v2\/comments?post=70026"}],"version-history":[{"count":0,"href":"https:\/\/linitiative.ca\/International\/wp-json\/wp\/v2\/posts\/70026\/revisions"}],"wp:featuredmedia":[{"embeddable":true,"href":"https:\/\/linitiative.ca\/International\/wp-json\/"}],"wp:attachment":[{"href":"https:\/\/linitiative.ca\/International\/wp-json\/wp\/v2\/media?parent=70026"}],"wp:term":[{"taxonomy":"category","embeddable":true,"href":"https:\/\/linitiative.ca\/International\/wp-json\/wp\/v2\/categories?post=70026"},{"taxonomy":"post_tag","embeddable":true,"href":"https:\/\/linitiative.ca\/International\/wp-json\/wp\/v2\/tags?post=70026"}],"curies":[{"name":"wp","href":"https:\/\/api.w.org\/{rel}","templated":true}]}}